{"id":1255,"date":"2016-07-22T13:14:54","date_gmt":"2016-07-22T18:14:54","guid":{"rendered":"https:\/\/foro1025.mx\/?p=1255"},"modified":"2016-07-22T13:14:54","modified_gmt":"2016-07-22T18:14:54","slug":"victor-estrada-recibe-a-famosa-alpinista-mexicana","status":"publish","type":"post","link":"https:\/\/foro1025.mx\/?p=1255","title":{"rendered":"V\u00edctor Estrada recibe a famosa alpinista mexicana"},"content":{"rendered":"<p class=\"p2\">\n<p class=\"p2\">El alcalde, V\u00edctor Estrada Garibay y la presidenta del DIF municipal Am\u00e9rica Rangel Guti\u00e9rrez, recibieron la visita de Karla Wheelock, la alpinista mexicana que ha logrado escalar las 7 cumbres m\u00e1s grandes de todo el planeta, ella ofreci\u00f3 la conferencia titulada: \u201cA la conquista del Izcalli que so\u00f1amos\u201d, para empresarios y funcionarios de la comunidad.<\/p>\n<p class=\"p2\">Durante el evento, la \u201cprimera dama\u201d de Izcalli, expres\u00f3 estar contenta por la visita de una mujer que durante a\u00f1os ha puesto el nombre del pa\u00eds en alto en una actividad que es de gran riesgo y subray\u00f3 que son pocas las personas que se animan a escalar.<\/p>\n<p class=\"p2\">El presidente municipal, agradeci\u00f3 la presencia de la alpinista y sus preciadas palabras que motivan a ser mejores personas con el paso del tiempo. En seguida reconoci\u00f3 la labor de los empresarios que se han acercado al gobierno para trabajar en conjunto y hacer de Izcalli un mejor municipio.<\/p>\n<p class=\"p2\"><img loading=\"lazy\" decoding=\"async\" class=\"aligncenter size-full wp-image-1256\" src=\"https:\/\/foro1025.mx\/wp-content\/uploads\/2016\/07\/30.jpg\" alt=\"30\" width=\"1000\" height=\"605\" \/><\/p>\n","protected":false},"excerpt":{"rendered":"<div class=\"mh-excerpt\"><p>El alcalde, V\u00edctor Estrada Garibay y la presidenta del DIF municipal Am\u00e9rica Rangel Guti\u00e9rrez, recibieron <a class=\"mh-excerpt-more\" href=\"https:\/\/foro1025.mx\/?p=1255\" title=\"V\u00edctor Estrada recibe a famosa alpinista mexicana\">&#8230;<\/a><\/p>\n<\/div>","protected":false},"author":1,"featured_media":0,"comment_status":"open","ping_status":"open","sticky":false,"template":"","format":"standard","meta":{"footnotes":""},"categories":[29],"tags":[],"class_list":{"0":"post-1255","1":"post","2":"type-post","3":"status-publish","4":"format-standard","6":"category-cuautitlan-izcalli"},"_links":{"self":[{"href":"https:\/\/foro1025.mx\/index.php?rest_route=\/wp\/v2\/posts\/1255","targetHints":{"allow":["GET"]}}],"collection":[{"href":"https:\/\/foro1025.mx\/index.php?rest_route=\/wp\/v2\/posts"}],"about":[{"href":"https:\/\/foro1025.mx\/index.php?rest_route=\/wp\/v2\/types\/post"}],"author":[{"embeddable":true,"href":"https:\/\/foro1025.mx\/index.php?rest_route=\/wp\/v2\/users\/1"}],"replies":[{"embeddable":true,"href":"https:\/\/foro1025.mx\/index.php?rest_route=%2Fwp%2Fv2%2Fcomments&post=1255"}],"version-history":[{"count":1,"href":"https:\/\/foro1025.mx\/index.php?rest_route=\/wp\/v2\/posts\/1255\/revisions"}],"predecessor-version":[{"id":1258,"href":"https:\/\/foro1025.mx\/index.php?rest_route=\/wp\/v2\/posts\/1255\/revisions\/1258"}],"wp:attachment":[{"href":"https:\/\/foro1025.mx\/index.php?rest_route=%2Fwp%2Fv2%2Fmedia&parent=1255"}],"wp:term":[{"taxonomy":"category","embeddable":true,"href":"https:\/\/foro1025.mx\/index.php?rest_route=%2Fwp%2Fv2%2Fcategories&post=1255"},{"taxonomy":"post_tag","embeddable":true,"href":"https:\/\/foro1025.mx\/index.php?rest_route=%2Fwp%2Fv2%2Ftags&post=1255"}],"curies":[{"name":"wp","href":"https:\/\/api.w.org\/{rel}","templated":true}]}}