{"id":1259,"date":"2016-07-22T13:17:07","date_gmt":"2016-07-22T18:17:07","guid":{"rendered":"https:\/\/foro1025.mx\/?p=1259"},"modified":"2016-07-22T13:17:07","modified_gmt":"2016-07-22T18:17:07","slug":"gran-exito-el-programa-futbol-por-la-inclusion-en-ecatepec","status":"publish","type":"post","link":"https:\/\/foro1025.mx\/?p=1259","title":{"rendered":"Gran \u00e9xito el programa \u201cFutbol por la Inclusi\u00f3n\u201d en Ecatepec"},"content":{"rendered":"<p class=\"p1\">El gobierno local, apoya a 110 j\u00f3venes de entre 15 y 21 a\u00f1os que no han concluido la educaci\u00f3n b\u00e1sica y que forman parte del programa federal \u201cFutbol por la Inclusi\u00f3n\u201d, a trav\u00e9s del cual reciben servicios educativos, de alimentaci\u00f3n y deportivos; al terminar de manera satisfactoria el campamento que dura tres meses, los participantes podr\u00e1n obtener certificaci\u00f3n de primaria o secundaria y practicar el deporte que les apasiona.<\/p>\n<p class=\"p1\">Indalecio R\u00edos Vel\u00e1zquez, presidente municipal, se\u00f1al\u00f3 que en Ecatepec participan 84 varones y 26 mujeres, quienes son parte de los 11 mil integrantes inscritos en el programa en todo el pa\u00eds, y para contribuir a su formaci\u00f3n acad\u00e9mica, 105 obtendr\u00e1n la certificaci\u00f3n en educaci\u00f3n secundaria y cinco primaria.<\/p>\n<p class=\"p1\"><img loading=\"lazy\" decoding=\"async\" class=\"aligncenter size-full wp-image-1261\" src=\"https:\/\/foro1025.mx\/wp-content\/uploads\/2016\/07\/34.jpg\" alt=\"34\" width=\"800\" height=\"476\" \/><\/p>\n","protected":false},"excerpt":{"rendered":"<div class=\"mh-excerpt\"><p>El gobierno local, apoya a 110 j\u00f3venes de entre 15 y 21 a\u00f1os que no <a class=\"mh-excerpt-more\" href=\"https:\/\/foro1025.mx\/?p=1259\" title=\"Gran \u00e9xito el programa \u201cFutbol por la Inclusi\u00f3n\u201d en Ecatepec\">&#8230;<\/a><\/p>\n<\/div>","protected":false},"author":1,"featured_media":0,"comment_status":"open","ping_status":"open","sticky":false,"template":"","format":"standard","meta":{"footnotes":""},"categories":[11],"tags":[],"class_list":{"0":"post-1259","1":"post","2":"type-post","3":"status-publish","4":"format-standard","6":"category-ecatepec"},"_links":{"self":[{"href":"https:\/\/foro1025.mx\/index.php?rest_route=\/wp\/v2\/posts\/1259","targetHints":{"allow":["GET"]}}],"collection":[{"href":"https:\/\/foro1025.mx\/index.php?rest_route=\/wp\/v2\/posts"}],"about":[{"href":"https:\/\/foro1025.mx\/index.php?rest_route=\/wp\/v2\/types\/post"}],"author":[{"embeddable":true,"href":"https:\/\/foro1025.mx\/index.php?rest_route=\/wp\/v2\/users\/1"}],"replies":[{"embeddable":true,"href":"https:\/\/foro1025.mx\/index.php?rest_route=%2Fwp%2Fv2%2Fcomments&post=1259"}],"version-history":[{"count":1,"href":"https:\/\/foro1025.mx\/index.php?rest_route=\/wp\/v2\/posts\/1259\/revisions"}],"predecessor-version":[{"id":1263,"href":"https:\/\/foro1025.mx\/index.php?rest_route=\/wp\/v2\/posts\/1259\/revisions\/1263"}],"wp:attachment":[{"href":"https:\/\/foro1025.mx\/index.php?rest_route=%2Fwp%2Fv2%2Fmedia&parent=1259"}],"wp:term":[{"taxonomy":"category","embeddable":true,"href":"https:\/\/foro1025.mx\/index.php?rest_route=%2Fwp%2Fv2%2Fcategories&post=1259"},{"taxonomy":"post_tag","embeddable":true,"href":"https:\/\/foro1025.mx\/index.php?rest_route=%2Fwp%2Fv2%2Ftags&post=1259"}],"curies":[{"name":"wp","href":"https:\/\/api.w.org\/{rel}","templated":true}]}}