{"id":12777,"date":"2020-11-13T18:03:38","date_gmt":"2020-11-14T00:03:38","guid":{"rendered":"https:\/\/foro1025.mx\/?p=12777"},"modified":"2020-11-13T18:03:38","modified_gmt":"2020-11-14T00:03:38","slug":"reactivamos-de-forma-presencial-caravanas-por-la-justicia-cotidiana-que-reducen-con-un-carnet-papeleo-y-tiempo-de-hasta-77-tramites-alfredo-del-mazo","status":"publish","type":"post","link":"https:\/\/foro1025.mx\/?p=12777","title":{"rendered":"Reactivamos de forma presencial Caravanas por la Justicia Cotidiana, que reducen con un carnet papeleo y tiempo de hasta 77 tr\u00e1mites: Alfredo Del Mazo"},"content":{"rendered":"<p class=\"p1\"><b>REACTIVAMOS DE FORMA PRESENCIAL CARAVANAS POR LA JUSTICIA COTIDIANA, QUE REDUCEN CON UN CARNET PAPELEO Y TIEMPO DE HASTA 77 TR\u00c1MITES: ALFREDO DEL MAZO<\/b><\/p>\n<p class=\"p2\"><i>\u2022 Encabeza Gobernador jornada de las Caravanas por la Justicia Cotidiana en Coyotepec, donde servidores p\u00fablicos de 22 dependencias y organismos aut\u00f3nomos retoman eventos presenciales que llegar\u00e1n a todo el Edom\u00e9x.<\/i><\/p>\n<p class=\"p3\"><i>\u2022 Presenta Del Mazo carnet que re\u00fane diversos documentos oficiales, con la intenci\u00f3n de reducir tr\u00e1mites, papeleo, tiempo y costos a ciudadanos mexiquenses.<\/i><\/p>\n<p class=\"p3\"><i>\u2022 Indica que en esta nueva etapa, se incluyen servicios como asesor\u00eda en materia familiar relacionada con violencia de g\u00e9nero, orientaci\u00f3n en lenguas originarias, actas de nacimiento a familias repatriadas, y otros a cargo de los Institutos de la Defensor\u00eda P\u00fablica y de la Funci\u00f3n Registral, la Comisi\u00f3n Ejecutiva de Atenci\u00f3n a V\u00edctimas, la Procuradur\u00eda de la Defensa del Trabajo o la Comisi\u00f3n de B\u00fasqueda de Personas.<\/i><\/p>\n<p class=\"p3\"><b>Coyotepec, Estado de M\u00e9xico.- <\/b>Al reactivar de forma presencial el programa Caravanas por la Justicia Cotidiana, el Gobernador Alfredo Del Mazo Maza enfatiz\u00f3 la importancia de acercar los diversos tr\u00e1mites gubernamentales a todas las regiones de la entidad, y facilitar el acceso de los ciudadanos a los mismos a pesar de la contingencia sanitaria.<\/p>\n<p class=\"p3\">Subray\u00f3 que para evitar riesgos de contagios por COVID-19, en estas Caravanas se aplican los protocolos higi\u00e9nicos correspondientes, por lo que invit\u00f3 a la poblaci\u00f3n a tener confianza y acudir a realizar alguno de los 77 tr\u00e1mites que ah\u00ed se pueden hacer, en los que participan 22 dependencias y organismos aut\u00f3nomos.<\/p>\n<p class=\"p3\">\u00abEstamos retomando estas Caravanas por la Justicia de manera presencial, hoy retomamos nuevamente este programa que se lanz\u00f3 hace un a\u00f1o y que, a partir del d\u00eda de hoy, empieza a recorrer varios municipios de todo el Estado de M\u00e9xico para acercar esos servicios a las familias mexiquenses.<\/p>\n<p class=\"p3\">\u00abLo estamos haciendo, como ustedes pueden ver, siendo muy respetuosos y muy cuidadosos de las medidas sanitarias, cuidando mucho a quienes vienen a hacer aqu\u00ed sus tr\u00e1mites, a todos ustedes que vienen aqu\u00ed a llevar a cabo estos procesos y tambi\u00e9n cuidando mucho al personal\u00bb, recalc\u00f3.<\/p>\n<p class=\"p3\">En este evento, donde entreg\u00f3 actas de nacimiento a ni\u00f1as y ni\u00f1os de familias repatriadas, Del Mazo Maza se\u00f1al\u00f3 que la mayor\u00eda de los tr\u00e1mites son gratuitos, mientras que otros, como los notariales, tienen descuentos de hasta 80 por ciento, ya que uno de los objetivos de esta iniciativa es propiciar ahorro en la econom\u00eda familiar.<\/p>\n<p class=\"p3\">Ante el titular del Tribunal Superior de Justicia estatal, Ricardo Sodi Cu\u00e9llar, y del Fiscal General de Justicia, Alejandro G\u00f3mez S\u00e1nchez, el mandatario mexiquense tambi\u00e9n present\u00f3 un carnet que re\u00fane diversos documentos oficiales mediante un c\u00f3digo de barras electr\u00f3nico, y que tiene como funci\u00f3n reducir tr\u00e1mites, papeleo, costos y tiempo a los ciudadanos mexiquenses.<\/p>\n<p class=\"p3\">\u00abEs un carnet, una credencial en donde se registran sus datos y ustedes pueden tener aqu\u00ed su documentaci\u00f3n a la mano. Ya no tienen que llevar papeles a las dependencias, llegan con el carnet y a trav\u00e9s de un c\u00f3digo de barras, que tiene el carnet, se lee su informaci\u00f3n y ah\u00ed baja, por ejemplo, su acta de nacimiento, y todos los tr\u00e1mites que lleven a cabo aqu\u00ed, a trav\u00e9s de las Caravanas por la Justicia, se van a registrar en este carnet y ustedes le pueden dar seguimiento\u00bb, especific\u00f3.<\/p>\n<p class=\"p3\">Acompa\u00f1ado por el Secretario de Justicia y Derechos Humanos, Rodrigo Espeleta Aladro, y por el Alcalde de Coyotepec, Andr\u00e9s Montoya Mart\u00ednez, el Gobernador refiri\u00f3 que en esta nueva etapa, las Caravanas incluyen nuevos servicios, como asesor\u00eda en materia familiar relacionada con la violencia de g\u00e9nero, como parte de las actividades de la reci\u00e9n creada Secretar\u00eda de la Mujer, que agrupa los programas de apoyo y asistencia a este sector.<\/p>\n<p class=\"p3\">Se suman tambi\u00e9n asesor\u00edas en lenguas originarias, con el Consejo Estatal para el Desarrollo Integral de los Pueblos Ind\u00edgenas, actas de nacimiento a familias repatriadas, en tanto que el Instituto de la Defensor\u00eda P\u00fablica brinda asesor\u00eda civil, familiar, mercantil, penal, administrativa, laboral y agraria, de manera gratuita; y otros tr\u00e1mites m\u00e1s a cargo del Instituto de la Funci\u00f3n Registral, la Comisi\u00f3n Ejecutiva de Atenci\u00f3n a V\u00edctimas, la Procuradur\u00eda de la Defensa del Trabajo, el DIFEM, el Centro de Conciliaci\u00f3n Laboral del estado, la Comisi\u00f3n de B\u00fasqueda de Personas que, a trav\u00e9s de las Caravanas por la Justicia, ha localizado a 39 de ellas.<\/p>\n<p class=\"p3\">El Gobernador Del Mazo puntualiz\u00f3 la importancia de llevar estos servicios a todas las familias que los requieran, ya que consider\u00f3 que acceder a ellos es un derecho de todos, pues esta documentaci\u00f3n ofrece certeza a las familias sobre su patrimonio.<\/p>\n<p class=\"p3\">\u00abSe trata de que todos tengan acceso a la justicia, la justicia es y debe ser para todos y la justicia cotidiana es esto; es poder acceder a sacar un acta de nacimiento, a poder inscribir una propiedad, contar con el t\u00edtulo de propiedad que acredita la titularidad del patrimonio de sus casas, de sus hogares y esto les da una gran certeza en su patrimonio\u00bb, extern\u00f3.<\/p>\n<p class=\"p3\">Alfredo Del Mazo garantiz\u00f3 que este programa llegar\u00e1 a todos los municipios de la entidad, y que permanecer\u00e1 de mi\u00e9rcoles a domingo en cada sitio al que lleguen los m\u00f3dulos y el personal de las diferentes instancias involucradas.<\/p>\n<p class=\"p3\">El Secretario de Justicia y Derechos Humanos, Rodrigo Espeleta, destac\u00f3 que en este programa se buscaron alternativas para continuar acercando la justicia a las familias durante la pandemia, y que a esta labor se sumaron el Tribunal Superior de Justicia, con tr\u00e1mites y juicios en l\u00ednea; la Fiscal\u00eda de Justicia habilit\u00f3 la denuncia por internet, mientras que el DIFEM adecu\u00f3 el tr\u00e1mite de adopci\u00f3n, v\u00eda remota.<\/p>\n<p class=\"p3\">Se\u00f1al\u00f3 que este regreso a eventos presenciales es un paso m\u00e1s hacia la paz social en el estado, el cual se da al ofrecer servicios como actas matrimoniales, testamentos, asesor\u00edas jur\u00eddicas y conciliaci\u00f3n de conflictos vecinales, entre muchos otros.<\/p>\n","protected":false},"excerpt":{"rendered":"<div class=\"mh-excerpt\"><p>REACTIVAMOS DE FORMA PRESENCIAL CARAVANAS POR LA JUSTICIA COTIDIANA, QUE REDUCEN CON UN CARNET PAPELEO <a class=\"mh-excerpt-more\" href=\"https:\/\/foro1025.mx\/?p=12777\" title=\"Reactivamos de forma presencial Caravanas por la Justicia Cotidiana, que reducen con un carnet papeleo y tiempo de hasta 77 tr\u00e1mites: Alfredo Del Mazo\">&#8230;<\/a><\/p>\n<\/div>","protected":false},"author":1,"featured_media":0,"comment_status":"closed","ping_status":"closed","sticky":false,"template":"","format":"standard","meta":{"footnotes":""},"categories":[13],"tags":[],"class_list":{"0":"post-12777","1":"post","2":"type-post","3":"status-publish","4":"format-standard","6":"category-estado-de-mexico"},"_links":{"self":[{"href":"https:\/\/foro1025.mx\/index.php?rest_route=\/wp\/v2\/posts\/12777","targetHints":{"allow":["GET"]}}],"collection":[{"href":"https:\/\/foro1025.mx\/index.php?rest_route=\/wp\/v2\/posts"}],"about":[{"href":"https:\/\/foro1025.mx\/index.php?rest_route=\/wp\/v2\/types\/post"}],"author":[{"embeddable":true,"href":"https:\/\/foro1025.mx\/index.php?rest_route=\/wp\/v2\/users\/1"}],"replies":[{"embeddable":true,"href":"https:\/\/foro1025.mx\/index.php?rest_route=%2Fwp%2Fv2%2Fcomments&post=12777"}],"version-history":[{"count":1,"href":"https:\/\/foro1025.mx\/index.php?rest_route=\/wp\/v2\/posts\/12777\/revisions"}],"predecessor-version":[{"id":12779,"href":"https:\/\/foro1025.mx\/index.php?rest_route=\/wp\/v2\/posts\/12777\/revisions\/12779"}],"wp:attachment":[{"href":"https:\/\/foro1025.mx\/index.php?rest_route=%2Fwp%2Fv2%2Fmedia&parent=12777"}],"wp:term":[{"taxonomy":"category","embeddable":true,"href":"https:\/\/foro1025.mx\/index.php?rest_route=%2Fwp%2Fv2%2Fcategories&post=12777"},{"taxonomy":"post_tag","embeddable":true,"href":"https:\/\/foro1025.mx\/index.php?rest_route=%2Fwp%2Fv2%2Ftags&post=12777"}],"curies":[{"name":"wp","href":"https:\/\/api.w.org\/{rel}","templated":true}]}}