{"id":1296,"date":"2016-07-26T18:24:43","date_gmt":"2016-07-26T23:24:43","guid":{"rendered":"https:\/\/foro1025.mx\/?p=1296"},"modified":"2016-07-26T18:24:43","modified_gmt":"2016-07-26T23:24:43","slug":"invita-tultitlan-a-cursos-de-verano-en-la-biblioteca","status":"publish","type":"post","link":"https:\/\/foro1025.mx\/?p=1296","title":{"rendered":"Invita Tultitl\u00e1n a cursos de verano en la biblioteca"},"content":{"rendered":"<p class=\"p1\"><b>Tultitl\u00e1n de Mariano Escobedo.-\u00a0<\/b>El Gobierno Municipal que preside el Maestro en Administraci\u00f3n P\u00fablica, Jorge Ad\u00e1n Barr\u00f3n Elizalde, a trav\u00e9s de la Direcci\u00f3n General de Educaci\u00f3n, invitan a la poblaci\u00f3n en general a participar en los Cursos de verano que durante este periodo vacacional se realizar\u00e1n del 25 de julio al 10 de agosto en las Bibliotecas p\u00fablicas con que cuenta el municipio, en un horario de 10 a 12 horas y de 16 a 18 horas.<\/p>\n<p class=\"p1\">A decir del titular de Educaci\u00f3n en la demarcaci\u00f3n, la Biblioteca \u201cEsperanza Brito\u201d contar\u00e1 con los talleres de: bebidas, infusiones, jugando con\u00a0\u00a0ciencia;\u00a0\u00a0en la Biblioteca \u201cOctavio Paz\u201d, los talleres abuelos al rescate, tejedores de palabras.<\/p>\n<p class=\"p1\">Biblioteca \u201cAdolfo L\u00f3pez Mateos\u201d talleres abuelos al rescate, jugando con\u00a0\u00a0ciencia;\u00a0\u00a0Biblioteca \u201cIztatla\u201d, talleres: talleres abuelos al rescate, jugando con\u00a0\u00a0ciencia; Biblioteca \u201cJos\u00e9 Vasconcelos\u201d, talleres abuelos al rescate y el bullying.<\/p>\n<p class=\"p1\">Biblioteca \u201cManuel J. Clouthier\u201d, talleres, abuelos al recate y valores para los adultos y Biblioteca \u201cGeneral Mariano Escobedo\u201d abuelos al rescate, jugando con\u00a0\u00a0ciencia y cuenta la leyenda.<\/p>\n<p class=\"p1\">Los interesados a los cursos deber\u00e1n acudir directamente a las bibliotecas, cuyas direcciones se dan a continuaci\u00f3n: Biblioteca \u201cGeneral Mariano Escobedo\u201d, Avenida Mariano Escobedo No. 1 colonia Centro; Biblioteca \u201cEsperanza Brito\u201d, Manzana 7, Lote primer retorno de Cedros, Unidad Habitacional Los Portales; Biblioteca \u201cManuel J. Clouthier\u201d, Boulevard Lomas de Cartagena\u00a0s\/n, Fraccionamiento Lomas de Cartagena.<\/p>\n<p class=\"p1\">Biblioteca \u201cJos\u00e9 Vasconcelos\u201d, Buenavista s\/n, esquina Juan \u00c1lvarez, Buenavista parte baja; Biblioteca \u201cAdolfo L\u00f3pez Mateos\u201d, Avenida Prados Sur s\/n, esquina Dalias, Unidad Morelos, tercera secci\u00f3n; Biblioteca \u201cOctavio Paz\u201d, Calle San Francisco s\/n, Fraccionamiento Los Portales y la Biblioteca \u201cIztatla\u201d, Hidalgo s\/n, esquina Zapata, San Pablo de las Salinas.<\/p>\n<p class=\"p1\">\n","protected":false},"excerpt":{"rendered":"<div class=\"mh-excerpt\"><p>Tultitl\u00e1n de Mariano Escobedo.-\u00a0El Gobierno Municipal que preside el Maestro en Administraci\u00f3n P\u00fablica, Jorge Ad\u00e1n <a class=\"mh-excerpt-more\" href=\"https:\/\/foro1025.mx\/?p=1296\" title=\"Invita Tultitl\u00e1n a cursos de verano en la biblioteca\">&#8230;<\/a><\/p>\n<\/div>","protected":false},"author":1,"featured_media":0,"comment_status":"open","ping_status":"open","sticky":false,"template":"","format":"standard","meta":{"footnotes":""},"categories":[10],"tags":[],"class_list":{"0":"post-1296","1":"post","2":"type-post","3":"status-publish","4":"format-standard","6":"category-tultitlan"},"_links":{"self":[{"href":"https:\/\/foro1025.mx\/index.php?rest_route=\/wp\/v2\/posts\/1296","targetHints":{"allow":["GET"]}}],"collection":[{"href":"https:\/\/foro1025.mx\/index.php?rest_route=\/wp\/v2\/posts"}],"about":[{"href":"https:\/\/foro1025.mx\/index.php?rest_route=\/wp\/v2\/types\/post"}],"author":[{"embeddable":true,"href":"https:\/\/foro1025.mx\/index.php?rest_route=\/wp\/v2\/users\/1"}],"replies":[{"embeddable":true,"href":"https:\/\/foro1025.mx\/index.php?rest_route=%2Fwp%2Fv2%2Fcomments&post=1296"}],"version-history":[{"count":1,"href":"https:\/\/foro1025.mx\/index.php?rest_route=\/wp\/v2\/posts\/1296\/revisions"}],"predecessor-version":[{"id":1298,"href":"https:\/\/foro1025.mx\/index.php?rest_route=\/wp\/v2\/posts\/1296\/revisions\/1298"}],"wp:attachment":[{"href":"https:\/\/foro1025.mx\/index.php?rest_route=%2Fwp%2Fv2%2Fmedia&parent=1296"}],"wp:term":[{"taxonomy":"category","embeddable":true,"href":"https:\/\/foro1025.mx\/index.php?rest_route=%2Fwp%2Fv2%2Fcategories&post=1296"},{"taxonomy":"post_tag","embeddable":true,"href":"https:\/\/foro1025.mx\/index.php?rest_route=%2Fwp%2Fv2%2Ftags&post=1296"}],"curies":[{"name":"wp","href":"https:\/\/api.w.org\/{rel}","templated":true}]}}