{"id":1309,"date":"2016-07-26T18:33:15","date_gmt":"2016-07-26T23:33:15","guid":{"rendered":"https:\/\/foro1025.mx\/?p=1309"},"modified":"2016-07-26T18:33:15","modified_gmt":"2016-07-26T23:33:15","slug":"en-tlalnepantla-refuerzan-acciones-para-combatir-la-violencia-de-genero","status":"publish","type":"post","link":"https:\/\/foro1025.mx\/?p=1309","title":{"rendered":"En Tlalnepantla refuerzan acciones para combatir la violencia de g\u00e9nero"},"content":{"rendered":"<ul class=\"ul1\">\n<li class=\"li3\">Se reafirma el compromiso de fortalecer la respuesta institucional para garantizar el ejercicio pleno de los derechos de las mujeres y las ni\u00f1as.<\/li>\n<li class=\"li3\">La c\u00e9lula de g\u00e9nero est\u00e1 integrada por elementos capacitados en atenci\u00f3n de estos delitos y en el cumplimiento del protocolo naranja-alba.<\/li>\n<\/ul>\n<p class=\"p3\"><strong>Tlalnepantla de Baz.-<\/strong> En el marco del D\u00eda de la No Violencia contra las Mujeres, la presidenta municipal, Denisse Ugalde Alegr\u00eda, asegur\u00f3 que \u201cse han reforzado las medidas de prevenci\u00f3n, seguridad y justicia en Tlalnepantla para transformar esa cultura de violencia en una cultura de paz\u201d.<\/p>\n<p class=\"p3\">Inform\u00f3<span class=\"Apple-converted-space\">\u00a0 <\/span>que se han incrementado en 30 por ciento los patrullajes preventivos y se han reparado cinco mil luminarias en aquellas colonias con mayor incidencia de feminicidios.<\/p>\n<p class=\"p3\">De igual manera, dijo,<span class=\"Apple-converted-space\">\u00a0 <\/span>se cuenta con una c\u00e9lula de g\u00e9nero integrada por elementos de la polic\u00eda municipal capacitados en la atenci\u00f3n a estos delitos y en el cumplimiento del protocolo naranja-alba que se activa en el momento en que se hace una llamada reportando la desaparici\u00f3n de una mujer o una ni\u00f1a sin necesidad de levantar una denuncia.<\/p>\n<p class=\"p3\">Agreg\u00f3 que tambi\u00e9n se trabaja en materia de prevenci\u00f3n a trav\u00e9s de las jornadas que ha implementado el Instituto de la Mujer junto con todas las instancias del gobierno municipal \u201cporque tenemos que modificar patrones y las mujeres son las principales transformadoras y promotoras del cambio social\u201d.<\/p>\n<p class=\"p3\">Por su parte, la directora del Instituto Municipal para la Igualdad y Desarrollo de las Mujeres, Mar\u00eda del Carmen Ugalde Garc\u00eda, expres\u00f3 que en el marco de la Declaratoria de Alerta de Violencia de G\u00e9nero contra las Mujeres, se reafirma el compromiso para fortalecer la respuesta institucional para garantizar el ejercicio pleno de los derechos de las mujeres y las ni\u00f1as.<\/p>\n<p class=\"p3\">Record\u00f3 que se tiene un acercamiento a diario con la poblaci\u00f3n a trav\u00e9s de<span class=\"Apple-converted-space\">\u00a0 <\/span>cursos en comunidades y escuelas;<span class=\"Apple-converted-space\">\u00a0 <\/span>talleres de fomento al autoempleo; jornadas por una vida libre de violencia y bienestar y la<span class=\"Apple-converted-space\">\u00a0 <\/span>informaci\u00f3n<span class=\"Apple-converted-space\">\u00a0 <\/span>en las<span class=\"Apple-converted-space\">\u00a0 <\/span>l\u00edneas de apoyo del Consejo Estatal de la Mujer<span class=\"Apple-converted-space\">\u00a0 <\/span>y Bienestar Social y del Instituto Municipal para la Igualdad<span class=\"Apple-converted-space\">\u00a0 <\/span>y Desarrollo de las Mujeres<span class=\"Apple-converted-space\">\u00a0 <\/span>para atender los casos de violencia en contra de ellas.<\/p>\n<p class=\"p3\">Diariamente, coment\u00f3, se acercan al Instituto m\u00e1s mujeres con sus hijas y sus hijos a solicitar asesor\u00eda jur\u00eddica, terapias psicol\u00f3gicas y a participar en los programas para su desarrollo personal.<\/p>\n<p class=\"p3\">\u201cUn importante paso para avanzar en esta lucha es hacer conciencia y<span class=\"Apple-converted-space\">\u00a0 <\/span>caminar de la mano sociedad y gobierno en los temas de prevenci\u00f3n, atenci\u00f3n<span class=\"Apple-converted-space\">\u00a0 <\/span>y denuncia. Este es precisamente el trabajo<span class=\"Apple-converted-space\">\u00a0 <\/span>que se realiza d\u00eda a d\u00eda en coordinaci\u00f3n<span class=\"Apple-converted-space\">\u00a0 <\/span>con los tres \u00f3rdenes de gobierno\u201d, expres\u00f3.<\/p>\n<p class=\"p3\">Ugalde Garc\u00eda, refrend\u00f3 el compromiso del Instituto de la Mujer a seguir trabajando para<span class=\"Apple-converted-space\">\u00a0 <\/span>promover los mecanismos de atenci\u00f3n<span class=\"Apple-converted-space\">\u00a0 <\/span>y protecci\u00f3n integral<span class=\"Apple-converted-space\">\u00a0 <\/span>de las mujeres<span class=\"Apple-converted-space\">\u00a0 <\/span>e incidir para contrarrestar la violencia de g\u00e9nero en Tlalnepantla.<\/p>\n<p class=\"p3\">Cabe mencionar que para hacer conciencia entre la poblaci\u00f3n sobre este tema, se present\u00f3 en el Teatro Algarab\u00eda la obra de teatro \u201cVioleta, Una Mujer Callada\u201d, que muestra diversas formas de violencia en contra de las mujeres, sus or\u00edgenes y consecuencias.<\/p>\n<p class=\"p3\"><img loading=\"lazy\" decoding=\"async\" class=\"aligncenter size-large wp-image-1310\" src=\"https:\/\/foro1025.mx\/wp-content\/uploads\/2016\/07\/Di\u0301a-Naranja-2-1024x683.jpg\" alt=\"Di\u0301a Naranja (2)\" width=\"676\" height=\"451\" \/><\/p>\n","protected":false},"excerpt":{"rendered":"<div class=\"mh-excerpt\"><p>Se reafirma el compromiso de fortalecer la respuesta institucional para garantizar el ejercicio pleno de <a class=\"mh-excerpt-more\" href=\"https:\/\/foro1025.mx\/?p=1309\" title=\"En Tlalnepantla refuerzan acciones para combatir la violencia de g\u00e9nero\">&#8230;<\/a><\/p>\n<\/div>","protected":false},"author":1,"featured_media":0,"comment_status":"open","ping_status":"open","sticky":false,"template":"","format":"standard","meta":{"footnotes":""},"categories":[16],"tags":[],"class_list":{"0":"post-1309","1":"post","2":"type-post","3":"status-publish","4":"format-standard","6":"category-tlalnepantla"},"_links":{"self":[{"href":"https:\/\/foro1025.mx\/index.php?rest_route=\/wp\/v2\/posts\/1309","targetHints":{"allow":["GET"]}}],"collection":[{"href":"https:\/\/foro1025.mx\/index.php?rest_route=\/wp\/v2\/posts"}],"about":[{"href":"https:\/\/foro1025.mx\/index.php?rest_route=\/wp\/v2\/types\/post"}],"author":[{"embeddable":true,"href":"https:\/\/foro1025.mx\/index.php?rest_route=\/wp\/v2\/users\/1"}],"replies":[{"embeddable":true,"href":"https:\/\/foro1025.mx\/index.php?rest_route=%2Fwp%2Fv2%2Fcomments&post=1309"}],"version-history":[{"count":1,"href":"https:\/\/foro1025.mx\/index.php?rest_route=\/wp\/v2\/posts\/1309\/revisions"}],"predecessor-version":[{"id":1312,"href":"https:\/\/foro1025.mx\/index.php?rest_route=\/wp\/v2\/posts\/1309\/revisions\/1312"}],"wp:attachment":[{"href":"https:\/\/foro1025.mx\/index.php?rest_route=%2Fwp%2Fv2%2Fmedia&parent=1309"}],"wp:term":[{"taxonomy":"category","embeddable":true,"href":"https:\/\/foro1025.mx\/index.php?rest_route=%2Fwp%2Fv2%2Fcategories&post=1309"},{"taxonomy":"post_tag","embeddable":true,"href":"https:\/\/foro1025.mx\/index.php?rest_route=%2Fwp%2Fv2%2Ftags&post=1309"}],"curies":[{"name":"wp","href":"https:\/\/api.w.org\/{rel}","templated":true}]}}