{"id":138,"date":"2016-04-04T13:36:27","date_gmt":"2016-04-04T18:36:27","guid":{"rendered":"https:\/\/foro1025.mx\/?p=138"},"modified":"2016-04-04T13:36:27","modified_gmt":"2016-04-04T18:36:27","slug":"tultitlan-mejora-la-seguridad-del-municipio","status":"publish","type":"post","link":"https:\/\/foro1025.mx\/?p=138","title":{"rendered":"Tultitl\u00e1n mejora la seguridad del municipio."},"content":{"rendered":"<p class=\"p1\">El presidente municipal Ad\u00e1n Barr\u00f3n Elizalde, acompa\u00f1ado de Jos\u00e9 Reyes Hern\u00e1ndez comandante de Seguridad P\u00fablica, Tr\u00e1nsito y Protecci\u00f3n Civil, supervisaron el pase de lista al personal, donde el alcalde resalt\u00f3 que la mayor\u00eda de los elementos ya realiz\u00f3 el examen de las siete habilidades para brindar una mejor calidad de servicio a los ciudadanos tultitlenses y que a m\u00e1s tardar en el mes de junio 450 elementos culminar\u00e1n exitosamente con esta capacitaci\u00f3n.<\/p>\n<p class=\"p1\">Cabe destacar que est\u00e1n inscritos 450 elementos de Seguridad P\u00fablica, de los cuales 70 son elementos mujeres, 30 elementos de Tr\u00e1nsito y 170 elementos de Seguridad vial sumando 640 elementos femeninos, lo que significa que se est\u00e1 trabajando con pol\u00edticas p\u00fablicas en tema de alerta de g\u00e9nero.<\/p>\n<p class=\"p1\">De igual manera coment\u00f3 que a partir del segundo semestre de este a\u00f1o, se empezar\u00e1 con equipamientos para cada uno de los elementos de Seguridad P\u00fablica, explicando que se renovar\u00e1n los chalecos antibalas, equipo de c\u00e1maras fotogr\u00e1ficas, herramientas b\u00e1sicas de trabajo y nuevas unidades, seguido de esto subray\u00f3 que a<span class=\"Apple-converted-space\">\u00a0 <\/span>partir del mes de abril, cada elemento recibir\u00e1 un apoyo alimentario esto con la finalidad de poder incentivar el salario que perciben y que ser\u00e1 de manera mensual.<\/p>\n<p class=\"p1\">Finalmente, Ad\u00e1n Barr\u00f3n agradeci\u00f3 a los directores de distintas \u00e1reas por hacer un trabajo en equipo y al comandante de Seguridad P\u00fablica, Tr\u00e1nsito y Protecci\u00f3n Civil por dar resultados eficaces para el bienestar de los tultitlenses.<\/p>\n<p class=\"p1\"><img loading=\"lazy\" decoding=\"async\" class=\"wp-image-139 aligncenter\" src=\"https:\/\/foro1025.mx\/wp-content\/uploads\/2016\/04\/12901308_1035566646500914_9046930517454513599_o-300x208.jpg\" alt=\"12901308_1035566646500914_9046930517454513599_o\" width=\"573\" height=\"397\" \/><\/p>\n","protected":false},"excerpt":{"rendered":"<div class=\"mh-excerpt\"><p>El presidente municipal Ad\u00e1n Barr\u00f3n Elizalde, acompa\u00f1ado de Jos\u00e9 Reyes Hern\u00e1ndez comandante de Seguridad P\u00fablica, <a class=\"mh-excerpt-more\" href=\"https:\/\/foro1025.mx\/?p=138\" title=\"Tultitl\u00e1n mejora la seguridad del municipio.\">&#8230;<\/a><\/p>\n<\/div>","protected":false},"author":1,"featured_media":0,"comment_status":"open","ping_status":"open","sticky":false,"template":"","format":"standard","meta":{"footnotes":""},"categories":[10],"tags":[],"class_list":{"0":"post-138","1":"post","2":"type-post","3":"status-publish","4":"format-standard","6":"category-tultitlan"},"_links":{"self":[{"href":"https:\/\/foro1025.mx\/index.php?rest_route=\/wp\/v2\/posts\/138","targetHints":{"allow":["GET"]}}],"collection":[{"href":"https:\/\/foro1025.mx\/index.php?rest_route=\/wp\/v2\/posts"}],"about":[{"href":"https:\/\/foro1025.mx\/index.php?rest_route=\/wp\/v2\/types\/post"}],"author":[{"embeddable":true,"href":"https:\/\/foro1025.mx\/index.php?rest_route=\/wp\/v2\/users\/1"}],"replies":[{"embeddable":true,"href":"https:\/\/foro1025.mx\/index.php?rest_route=%2Fwp%2Fv2%2Fcomments&post=138"}],"version-history":[{"count":1,"href":"https:\/\/foro1025.mx\/index.php?rest_route=\/wp\/v2\/posts\/138\/revisions"}],"predecessor-version":[{"id":141,"href":"https:\/\/foro1025.mx\/index.php?rest_route=\/wp\/v2\/posts\/138\/revisions\/141"}],"wp:attachment":[{"href":"https:\/\/foro1025.mx\/index.php?rest_route=%2Fwp%2Fv2%2Fmedia&parent=138"}],"wp:term":[{"taxonomy":"category","embeddable":true,"href":"https:\/\/foro1025.mx\/index.php?rest_route=%2Fwp%2Fv2%2Fcategories&post=138"},{"taxonomy":"post_tag","embeddable":true,"href":"https:\/\/foro1025.mx\/index.php?rest_route=%2Fwp%2Fv2%2Ftags&post=138"}],"curies":[{"name":"wp","href":"https:\/\/api.w.org\/{rel}","templated":true}]}}