{"id":1415,"date":"2016-08-19T10:34:34","date_gmt":"2016-08-19T15:34:34","guid":{"rendered":"https:\/\/foro1025.mx\/?p=1415"},"modified":"2016-08-19T10:34:34","modified_gmt":"2016-08-19T15:34:34","slug":"feria-de-regreso-a-clases-2016-en-ecatepec","status":"publish","type":"post","link":"https:\/\/foro1025.mx\/?p=1415","title":{"rendered":"\u201cFeria de Regreso a Clases 2016\u201d en Ecatepec"},"content":{"rendered":"<p>El gobierno puso en marcha la \u201cFeria Regreso a Clases 2016\u201d, donde participan 36 empresas de papeler\u00eda, calzado, uniformes, entre otros rubros, quienes ofertan sus productos con descuentos que van del 10 al 50 por ciento, adem\u00e1s de canjear los vales para \u00fatiles que entregaron los gobiernos estatal y local, con el prop\u00f3sito de contribuir a la econom\u00eda familiar en el inicio del ciclo escolar.<\/p>\n<p>Indalecio R\u00edos Vel\u00e1zquez, presidente municipal, inform\u00f3 que la expectativa es recibir aproximadamente 40 mil personas en esta feria donde est\u00e1n concentrados comerciantes del sector papelero en un solo espacio, lo que permite que los padres de familia puedan comparar precio y calidad de los productos y as\u00ed elegir entre una variada oferta de art\u00edculos.<\/p>\n","protected":false},"excerpt":{"rendered":"<div class=\"mh-excerpt\"><p>El gobierno puso en marcha la \u201cFeria Regreso a Clases 2016\u201d, donde participan 36 empresas <a class=\"mh-excerpt-more\" href=\"https:\/\/foro1025.mx\/?p=1415\" title=\"\u201cFeria de Regreso a Clases 2016\u201d en Ecatepec\">&#8230;<\/a><\/p>\n<\/div>","protected":false},"author":1,"featured_media":0,"comment_status":"open","ping_status":"open","sticky":false,"template":"","format":"standard","meta":{"footnotes":""},"categories":[11],"tags":[],"class_list":{"0":"post-1415","1":"post","2":"type-post","3":"status-publish","4":"format-standard","6":"category-ecatepec"},"_links":{"self":[{"href":"https:\/\/foro1025.mx\/index.php?rest_route=\/wp\/v2\/posts\/1415","targetHints":{"allow":["GET"]}}],"collection":[{"href":"https:\/\/foro1025.mx\/index.php?rest_route=\/wp\/v2\/posts"}],"about":[{"href":"https:\/\/foro1025.mx\/index.php?rest_route=\/wp\/v2\/types\/post"}],"author":[{"embeddable":true,"href":"https:\/\/foro1025.mx\/index.php?rest_route=\/wp\/v2\/users\/1"}],"replies":[{"embeddable":true,"href":"https:\/\/foro1025.mx\/index.php?rest_route=%2Fwp%2Fv2%2Fcomments&post=1415"}],"version-history":[{"count":1,"href":"https:\/\/foro1025.mx\/index.php?rest_route=\/wp\/v2\/posts\/1415\/revisions"}],"predecessor-version":[{"id":1417,"href":"https:\/\/foro1025.mx\/index.php?rest_route=\/wp\/v2\/posts\/1415\/revisions\/1417"}],"wp:attachment":[{"href":"https:\/\/foro1025.mx\/index.php?rest_route=%2Fwp%2Fv2%2Fmedia&parent=1415"}],"wp:term":[{"taxonomy":"category","embeddable":true,"href":"https:\/\/foro1025.mx\/index.php?rest_route=%2Fwp%2Fv2%2Fcategories&post=1415"},{"taxonomy":"post_tag","embeddable":true,"href":"https:\/\/foro1025.mx\/index.php?rest_route=%2Fwp%2Fv2%2Ftags&post=1415"}],"curies":[{"name":"wp","href":"https:\/\/api.w.org\/{rel}","templated":true}]}}