{"id":14997,"date":"2021-05-10T14:45:12","date_gmt":"2021-05-10T19:45:12","guid":{"rendered":"https:\/\/foro1025.mx\/?p=14997"},"modified":"2021-05-10T14:45:12","modified_gmt":"2021-05-10T19:45:12","slug":"ven-seguridad-y-tranquilidad-en-vacunacion-contra-covid-19-mexiquenses-de-50-a-59-anos","status":"publish","type":"post","link":"https:\/\/foro1025.mx\/?p=14997","title":{"rendered":"Ven seguridad y tranquilidad en vacunaci\u00f3n contra COVID-19, mexiquenses de 50 a 59 a\u00f1os"},"content":{"rendered":"<p class=\"p3\"><i>Colaboran trabajadoras y trabajadores del ISEM en Toluca, Metepec y Huixquilucan.<\/i><\/p>\n<p class=\"p3\"><i>Salir del aislamiento, estar tranquilos, disfrutar de la vida, comprar con toda seguridad, establecer mejores relaciones, son anhelos de las y los mexiquenses.<\/i><\/p>\n<p class=\"p3\"><i>Pide personal de salud tener confianza en su trabajo y en las vacunas.<\/i><\/p>\n<p class=\"p3\"><b>Metepec, Estado de M\u00e9xico.- <\/b>Con el inicio de la vacunaci\u00f3n contra Covid-19 en la poblaci\u00f3n mexiquense de 50 a 59 a\u00f1os, mexiquenses y el personal de salud adscrito a la Secretar\u00eda de Salud de la entidad reconocieron que este avance les permite tener m\u00e1s seguridad y tranquilidad, con sus familias, amigos y en sus lugares trabajo.<\/p>\n<p class=\"p3\">La tercera etapa de la Estrategia Conjunta de Vacunaci\u00f3n en el Estado de M\u00e9xico se llev\u00f3 a cabo a partir del 5 de mayo y concluy\u00f3 el 8 de mayo con la participaci\u00f3n activa, comprometida y solidaria del personal de salud mexiquense, trabajadoras y trabajadores de los Gobiernos de M\u00e9xico y de los Ayuntamientos.<\/p>\n<p class=\"p3\">En las 10 sedes de los municipios de Toluca, Metepec y Huixquilucan, se desarroll\u00f3 una jornada ejemplar, llena de \u00e1nimo y agradecimiento por parte de los beneficiarios.<\/p>\n<p class=\"p3\">Lourdes Zepeda Lara de 56 a\u00f1os de edad es maestra jubilada, con nostalgia comenta que su primera nieta cumpli\u00f3 su primer a\u00f1o de edad, pocas veces la ha visto pues ha preferido cumplir estrictamente las medidas de prevenci\u00f3n para reducir riesgos de infecci\u00f3n a causa del virus SARS-CoV-2.<\/p>\n<p class=\"p3\">La beneficiaria se traslad\u00f3 a pie hasta llegar a la Universidad del Valle de M\u00e9xico (UVM), uno de los centros habilitados en el municipio de Metepec para la aplicaci\u00f3n de la vacuna contra Covid-19; como resultado de este servicio la usuaria expres\u00f3 \u201cme siento muy feliz, muy tranquila, porque a m\u00ed me da mucha seguridad estar vacunada y poder salir de este confinamiento con mayor seguridad y pues muy contenta, muy tranquila por haber recibido esta dosis\u201d, refiri\u00f3.<\/p>\n<p class=\"p3\">\u201cEsperemos que se cumpla la vacunaci\u00f3n en las siguientes etapas y a todas las personas, para poder salir de este confinamiento, para estar tranquilos, para disfrutar de la vida, de los espacios, para salir a comprar con toda seguridad, para poder establecer mejor relaciones con todas las personas que nos rodean\u201d, indic\u00f3.<\/p>\n<p class=\"p3\">Por su parte, Norma Rojas P\u00e9rez, beneficiaria tambi\u00e9n de Metepec, lleg\u00f3 muy temprano a la Universidad del Valle de M\u00e9xico a bordo de autom\u00f3vil, uno de los tres centros habilitados en el municipio que cont\u00f3 con la modalidad peatonal y vehicular para vacunaci\u00f3n contra Covid-19.<\/p>\n<p class=\"p3\">Reconoci\u00f3 sentirse llena de emoci\u00f3n al recibir su primera dosis de la vacuna contra Covid-19, mejor que nunca; refiri\u00f3 que han sido d\u00edas en los que valora no haber perdido familiares o amistades durante los meses m\u00e1s complicados de la pandemia; en ese sentido, agradeci\u00f3 el esfuerzo del personal de salud por su entrega y compromiso.<\/p>\n<p class=\"p3\">\u201cMi respeto, admiraci\u00f3n, y la verdad muchas felicidades por haber estado en una etapa tan dif\u00edcil, a los voluntarios, a todo el personal que se dedica al sector salud, tanto los que est\u00e1n en primera l\u00ednea, como los que est\u00e1n atr\u00e1s. La vacuna me da una esperanza, una seguridad de que si por lo menos me llego a enfermar, no me d\u00e9 tan fuerte, tan severo, de llegar a una intubaci\u00f3n, eso es para m\u00ed una esperanza\u201d, enfatiza con emoci\u00f3n.<\/p>\n<p class=\"p3\">Los tres municipios donde inici\u00f3 la aplicaci\u00f3n de la vacuna contra Covid-19 para adultos de 50 a 59 a\u00f1os de edad, requirieron la coordinaci\u00f3n de las Jurisdicciones Sanitarias de Toluca, Xonacatl\u00e1n y Tenango, de trabajadores y trabajadoras como Nohem\u00ed Alonso Vera, quien destac\u00f3 que como cuidadora de salud se siente contenta de participar en esta etapa de su vida y animar a las familias.<\/p>\n<p class=\"p3\">\u201cPues muy contenta de estar participando en esto que a lo mejor nunca pensamos que pasar\u00eda aqu\u00ed en el Estado de M\u00e9xico\u201d, apunt\u00f3.<\/p>\n<p class=\"p3\">\u201cQue tengan mucha confianza en nosotros, que la vacunaci\u00f3n obviamente es para prevenir y en estos tiempos hay que seguir con la guardia arriba; esto es una etapa que vamos a vivir, todos vacun\u00e1ndose, confiando en que obviamente esto puede ser mejor\u201d, se\u00f1ala la trabajadora del ISEM.<\/p>\n<p class=\"p3\">As\u00ed tambi\u00e9n lo extern\u00f3 Iv\u00e1n Serrano L\u00f3pez, beneficiario de 50 a\u00f1os que actualmente vive en la colonia Fuentes de San Gabriel, comparti\u00f3 que la vacuna representa tranquilidad y la posibilidad de normalizar el comercio, entre otras actividades, pero pide que quienes tengan y tendr\u00e1n acceso al biol\u00f3gico, acudan a la aplicaci\u00f3n de este f\u00e1rmaco, por el bienestar de todos los mexiquenses.<\/p>\n<p class=\"p3\">\u201cPues s\u00ed, m\u00e1s esperanzados, m\u00e1s tranquilos de que todo se puede volver a normalizarse, los trabajos sobre todo que se han perdido mucho, que se pueda tranquilizar la gente, que se normalice el comercio que es lo que se ha visto m\u00e1s afectado\u201d, se\u00f1al\u00f3.<\/p>\n<p class=\"p3\">Por ello, Iv\u00e1n Serrano env\u00edo un mensaje a las y los mexiquenses \u201clos invitamos a que cumplan con esto, que no solamente piensen en ellos, sino en toda la gente que nos rodea porque a la larga afectamos a todos, no solamente uno que no crea, si yo me contagio, contagio a todo a mi alrededor\u201d, concluy\u00f3 el adulto al recibir la aplicaci\u00f3n de la primera dosis del biol\u00f3gico de Pfizer-BioNTech.<\/p>\n<p class=\"p3\">Finalmente, la Secretar\u00eda de Salud estatal subray\u00f3 que estas jornadas de vacunaci\u00f3n concluyeron con la participaci\u00f3n ejemplar de la poblaci\u00f3n adulta, a quienes reconoci\u00f3 la confianza y la responsabilidad.<\/p>\n<p class=\"p3\">Reiter\u00f3 que las vacunas son seguras, efectivas y gratuitas, las cuales han pasado por diversas fases de investigaci\u00f3n que confirman su eficiencia y seguridad, adem\u00e1s de que previenen las complicaciones graves de la enfermedad que causa el virus SARS-CoV-2.<\/p>\n","protected":false},"excerpt":{"rendered":"<div class=\"mh-excerpt\"><p>Colaboran trabajadoras y trabajadores del ISEM en Toluca, Metepec y Huixquilucan. Salir del aislamiento, estar <a class=\"mh-excerpt-more\" href=\"https:\/\/foro1025.mx\/?p=14997\" title=\"Ven seguridad y tranquilidad en vacunaci\u00f3n contra COVID-19, mexiquenses de 50 a 59 a\u00f1os\">&#8230;<\/a><\/p>\n<\/div>","protected":false},"author":1,"featured_media":0,"comment_status":"closed","ping_status":"closed","sticky":false,"template":"","format":"standard","meta":{"footnotes":""},"categories":[13,25],"tags":[],"class_list":{"0":"post-14997","1":"post","2":"type-post","3":"status-publish","4":"format-standard","6":"category-estado-de-mexico","7":"category-salud-y-ciencia"},"_links":{"self":[{"href":"https:\/\/foro1025.mx\/index.php?rest_route=\/wp\/v2\/posts\/14997","targetHints":{"allow":["GET"]}}],"collection":[{"href":"https:\/\/foro1025.mx\/index.php?rest_route=\/wp\/v2\/posts"}],"about":[{"href":"https:\/\/foro1025.mx\/index.php?rest_route=\/wp\/v2\/types\/post"}],"author":[{"embeddable":true,"href":"https:\/\/foro1025.mx\/index.php?rest_route=\/wp\/v2\/users\/1"}],"replies":[{"embeddable":true,"href":"https:\/\/foro1025.mx\/index.php?rest_route=%2Fwp%2Fv2%2Fcomments&post=14997"}],"version-history":[{"count":1,"href":"https:\/\/foro1025.mx\/index.php?rest_route=\/wp\/v2\/posts\/14997\/revisions"}],"predecessor-version":[{"id":14999,"href":"https:\/\/foro1025.mx\/index.php?rest_route=\/wp\/v2\/posts\/14997\/revisions\/14999"}],"wp:attachment":[{"href":"https:\/\/foro1025.mx\/index.php?rest_route=%2Fwp%2Fv2%2Fmedia&parent=14997"}],"wp:term":[{"taxonomy":"category","embeddable":true,"href":"https:\/\/foro1025.mx\/index.php?rest_route=%2Fwp%2Fv2%2Fcategories&post=14997"},{"taxonomy":"post_tag","embeddable":true,"href":"https:\/\/foro1025.mx\/index.php?rest_route=%2Fwp%2Fv2%2Ftags&post=14997"}],"curies":[{"name":"wp","href":"https:\/\/api.w.org\/{rel}","templated":true}]}}