{"id":15005,"date":"2021-05-21T19:13:53","date_gmt":"2021-05-22T00:13:53","guid":{"rendered":"https:\/\/foro1025.mx\/?p=15005"},"modified":"2021-05-21T19:13:53","modified_gmt":"2021-05-22T00:13:53","slug":"continua-edomex-en-semaforo-amarillo-durante-las-siguientes-dos-semanas","status":"publish","type":"post","link":"https:\/\/foro1025.mx\/?p=15005","title":{"rendered":"Contin\u00faa Edom\u00e9x en sem\u00e1foro amarillo durante las siguientes dos semanas"},"content":{"rendered":"<p class=\"p3\"><i>Reitera Gobernador mexiquense que, de mantenerse la tendencia a la baja en el ritmo de casos de COVID-19, a mediados de junio se podr\u00eda regresar a clases presenciales en el estado.<\/i><\/p>\n<p class=\"p3\"><i>Informa que este fin de semana concluir\u00e1 la aplicaci\u00f3n de la vacuna contra el coronavirus a personal m\u00e9dico, y que tiene se aplicar\u00e1 a bomberos y personal de Protecci\u00f3n Civil.<\/i><\/p>\n<p class=\"p3\"><i>Se\u00f1ala mandatario mexiquense que desde ahora se instalan Comit\u00e9s Participativos de Salud Escolar, en cada plantel educativo, en donde participan docentes y padres de familia.<\/i><\/p>\n<p class=\"p3\"><b>Toluca Estado de M\u00e9xico, 21 de mayo de 2021.<\/b> El Gobernador mexiquense dio a conocer que las pr\u00f3ximas dos semanas el Estado de M\u00e9xico se mantendr\u00e1 en el color amarillo del sem\u00e1foro epidemiol\u00f3gico, y asegur\u00f3 que de mantenerse la tendencia en la disminuci\u00f3n de casos de COVID-19 se lograr\u00e1 retomar m\u00e1s actividades, como las clases presenciales.<\/p>\n<p class=\"p3\">\u00abEn las siguientes dos semanas el Estado de M\u00e9xico contin\u00faa en sem\u00e1foro amarillo, gracias al esfuerzo de todas y de todos hemos podido mantener una mejor\u00eda constante en los indicadores. Es importante que sigamos manteniendo las medidas preventivas\u00bb, indic\u00f3 en un mensaje que public\u00f3 en sus redes sociales.<\/p>\n<p class=\"p3\">El Gobernador mexiquense se\u00f1al\u00f3 que la disminuci\u00f3n en la cifra de enfermos de COVID-19 se ha mantenido en las \u00faltimas 16 semanas, gracias a la campa\u00f1a de vacunaci\u00f3n que avanza positivamente en el estado, donde se han aplicado m\u00e1s de 3 millones 400 mil dosis.<\/p>\n<p class=\"p3\">En relaci\u00f3n a ello, inform\u00f3 que entre este viernes y s\u00e1bado pr\u00f3ximo, concluir\u00e1 la vacunaci\u00f3n del personal del sector salud que falta, as\u00ed como del personal de Protecci\u00f3n Civil y bomberos.<\/p>\n<p class=\"p3\">Puntualiz\u00f3 que el mi\u00e9rcoles siguiente concluir\u00e1 la vacunaci\u00f3n de los maestros y las maestras de escuelas p\u00fablicas y privadas, para lo cual contin\u00faan operando dos centros de vacunaci\u00f3n, en Toluca y en Ecatepec.<\/p>\n<p class=\"p3\">El titular del Ejecutivo estatal consider\u00f3 que a mediados de junio se podr\u00edan retomar las clases presenciales, por lo que desde ahora se instalan Comit\u00e9s Participativos de Salud Escolar, integrados por docentes y padres de familia.<\/p>\n<p class=\"p3\">\u00abEstas acciones nos han permitido seguir adelante e ir preparando un regreso a clases seguro. Lo estamos considerando para mediados del mes de junio; se est\u00e1n instalando los Comit\u00e9s Participativos de Salud Escolar en cada plantel educativo, para trabajar de manera coordinada con los docentes y los padres de familia en el regreso a clases\u00bb, extern\u00f3 el Gobernador.<\/p>\n<p class=\"p3\">Explic\u00f3 tambi\u00e9n que hasta el momento todos los adultos mayores de 60 a\u00f1os recibieron su primera dosis de vacuna, en la entidad, y que en 89 municipios ya fue aplicada la segunda dosis. En tanto que se han aplicado medio mill\u00f3n de vacunas contra el COVID-19 a personas entre 50 y 59<span class=\"Apple-converted-space\">\u00a0 <\/span>a\u00f1os de edad, hasta el momento.<\/p>\n","protected":false},"excerpt":{"rendered":"<div class=\"mh-excerpt\"><p>Reitera Gobernador mexiquense que, de mantenerse la tendencia a la baja en el ritmo de <a class=\"mh-excerpt-more\" href=\"https:\/\/foro1025.mx\/?p=15005\" title=\"Contin\u00faa Edom\u00e9x en sem\u00e1foro amarillo durante las siguientes dos semanas\">&#8230;<\/a><\/p>\n<\/div>","protected":false},"author":1,"featured_media":0,"comment_status":"closed","ping_status":"closed","sticky":false,"template":"","format":"standard","meta":{"footnotes":""},"categories":[13,39,25],"tags":[],"class_list":{"0":"post-15005","1":"post","2":"type-post","3":"status-publish","4":"format-standard","6":"category-estado-de-mexico","7":"category-principales","8":"category-salud-y-ciencia"},"_links":{"self":[{"href":"https:\/\/foro1025.mx\/index.php?rest_route=\/wp\/v2\/posts\/15005","targetHints":{"allow":["GET"]}}],"collection":[{"href":"https:\/\/foro1025.mx\/index.php?rest_route=\/wp\/v2\/posts"}],"about":[{"href":"https:\/\/foro1025.mx\/index.php?rest_route=\/wp\/v2\/types\/post"}],"author":[{"embeddable":true,"href":"https:\/\/foro1025.mx\/index.php?rest_route=\/wp\/v2\/users\/1"}],"replies":[{"embeddable":true,"href":"https:\/\/foro1025.mx\/index.php?rest_route=%2Fwp%2Fv2%2Fcomments&post=15005"}],"version-history":[{"count":1,"href":"https:\/\/foro1025.mx\/index.php?rest_route=\/wp\/v2\/posts\/15005\/revisions"}],"predecessor-version":[{"id":15007,"href":"https:\/\/foro1025.mx\/index.php?rest_route=\/wp\/v2\/posts\/15005\/revisions\/15007"}],"wp:attachment":[{"href":"https:\/\/foro1025.mx\/index.php?rest_route=%2Fwp%2Fv2%2Fmedia&parent=15005"}],"wp:term":[{"taxonomy":"category","embeddable":true,"href":"https:\/\/foro1025.mx\/index.php?rest_route=%2Fwp%2Fv2%2Fcategories&post=15005"},{"taxonomy":"post_tag","embeddable":true,"href":"https:\/\/foro1025.mx\/index.php?rest_route=%2Fwp%2Fv2%2Ftags&post=15005"}],"curies":[{"name":"wp","href":"https:\/\/api.w.org\/{rel}","templated":true}]}}