{"id":15046,"date":"2021-06-09T21:50:52","date_gmt":"2021-06-10T02:50:52","guid":{"rendered":"https:\/\/foro1025.mx\/?p=15046"},"modified":"2021-06-09T21:51:09","modified_gmt":"2021-06-10T02:51:09","slug":"continua-la-jornada-de-vacuinacion-contra-covid-19-para-adultos-de-40-a-49-anos-de-huixquilucan","status":"publish","type":"post","link":"https:\/\/foro1025.mx\/?p=15046","title":{"rendered":"Contin\u00faa la jornada de vacunaci\u00f3n contra COVID-19 para adultos de 40 a 49 a\u00f1os de Huixquilucan"},"content":{"rendered":"<div class=\"page\" title=\"Page 1\">\n<div class=\"layoutArea\">\n<div class=\"column\">\n<p>\uf0b7 La jornada en el Complejo Rosa Mi\u0301stica y Universidad Ana\u0301huac fue supervisada por el alcalde Enrique Vargas del Villar<\/p>\n<p>Por segundo di\u0301a consecutivo se llevo\u0301 a cabo la jornada de vacunacio\u0301n contra el virus SARS-Cov2 para los adultos de entre 40 y 49 an\u0303os de edad de Huixquilucan, la cual fue supervisada por el alcalde Enrique Vargas del Villar, quien asistio\u0301 a la Universidad Ana\u0301huac, campus Norte, para verificar que e\u0301sta transcurriera en orden.<\/p>\n<p>El presidente municipal de Huixquilucan destaco\u0301 que la jornada de vacunacio\u0301n contra la covid-19 se ha destacado por la participacio\u0301n de la poblacio\u0301n, por lo que invito\u0301 a quienes no han acudido a alguna de las dos sedes y cumplan con los requisitos se acerquen ya que existen dosis suficientes y de esta forma avanzar en el proceso de inmunizacio\u0301n.<\/p>\n<p>Vargas del Villar, agradecio\u0301 el apoyo de los servidores de la Nacio\u0301n y del personal del Instituto de Salud del Estado de Me\u0301xico, para llevar a cabo la inmunizacio\u0301n de las y los huixquiluquenses.<\/p>\n<p>Se exhorta a la poblacio\u0301n a portar cubrebocas y mantener la sana distancia recomendada, adema\u0301s llevar impreso el registro de vacunacio\u0301n con co\u0301digo QR, el cual se debe descargar de la pa\u0301gina https:\/\/mivacuna.salud.gob.mx, y presentar una copia de la CURP, identificacio\u0301n oficial con fotografi\u0301a y comprobante domicilio que certifique su residencia en Huixquilucan.<\/p>\n<\/div>\n<\/div>\n<\/div>\n","protected":false},"excerpt":{"rendered":"<div class=\"mh-excerpt\"><p>\uf0b7 La jornada en el Complejo Rosa Mi\u0301stica y Universidad Ana\u0301huac fue supervisada por el <a class=\"mh-excerpt-more\" href=\"https:\/\/foro1025.mx\/?p=15046\" title=\"Contin\u00faa la jornada de vacunaci\u00f3n contra COVID-19 para adultos de 40 a 49 a\u00f1os de Huixquilucan\">&#8230;<\/a><\/p>\n<\/div>","protected":false},"author":1,"featured_media":0,"comment_status":"closed","ping_status":"closed","sticky":false,"template":"","format":"standard","meta":{"footnotes":""},"categories":[17,39],"tags":[],"class_list":{"0":"post-15046","1":"post","2":"type-post","3":"status-publish","4":"format-standard","6":"category-huixquilucan","7":"category-principales"},"_links":{"self":[{"href":"https:\/\/foro1025.mx\/index.php?rest_route=\/wp\/v2\/posts\/15046","targetHints":{"allow":["GET"]}}],"collection":[{"href":"https:\/\/foro1025.mx\/index.php?rest_route=\/wp\/v2\/posts"}],"about":[{"href":"https:\/\/foro1025.mx\/index.php?rest_route=\/wp\/v2\/types\/post"}],"author":[{"embeddable":true,"href":"https:\/\/foro1025.mx\/index.php?rest_route=\/wp\/v2\/users\/1"}],"replies":[{"embeddable":true,"href":"https:\/\/foro1025.mx\/index.php?rest_route=%2Fwp%2Fv2%2Fcomments&post=15046"}],"version-history":[{"count":2,"href":"https:\/\/foro1025.mx\/index.php?rest_route=\/wp\/v2\/posts\/15046\/revisions"}],"predecessor-version":[{"id":15049,"href":"https:\/\/foro1025.mx\/index.php?rest_route=\/wp\/v2\/posts\/15046\/revisions\/15049"}],"wp:attachment":[{"href":"https:\/\/foro1025.mx\/index.php?rest_route=%2Fwp%2Fv2%2Fmedia&parent=15046"}],"wp:term":[{"taxonomy":"category","embeddable":true,"href":"https:\/\/foro1025.mx\/index.php?rest_route=%2Fwp%2Fv2%2Fcategories&post=15046"},{"taxonomy":"post_tag","embeddable":true,"href":"https:\/\/foro1025.mx\/index.php?rest_route=%2Fwp%2Fv2%2Ftags&post=15046"}],"curies":[{"name":"wp","href":"https:\/\/api.w.org\/{rel}","templated":true}]}}