{"id":15058,"date":"2021-06-09T21:57:01","date_gmt":"2021-06-10T02:57:01","guid":{"rendered":"https:\/\/foro1025.mx\/?p=15058"},"modified":"2021-06-09T21:57:01","modified_gmt":"2021-06-10T02:57:01","slug":"acuerda-salud-y-el-poder-judicial-del-edomex-continuar-el-trabajo-coordinado-para-mitigar-la-pandemia-por-covid-19","status":"publish","type":"post","link":"https:\/\/foro1025.mx\/?p=15058","title":{"rendered":"Acuerda salud y el poder judicial del Edom\u00e9x continuar el trabajo coordinado para mitigar la pandemia por COVID-19"},"content":{"rendered":"<p class=\"p2\"><i>\u2022 Entrega el Tribunal Superior de Justicia un reconocimiento a la Secretar\u00eda de Salud por la aplicaci\u00f3n de pruebas r\u00e1pidas.<\/i><\/p>\n<p class=\"p2\"><i>\u2022 Destaca que la asesor\u00eda recibida permiti\u00f3 aplicar las medidas necesarias para proteger a los m\u00e1s de 5 mil trabajadores.<\/i><\/p>\n<p class=\"p2\"><b>Toluca, Estado de M\u00e9xico.- <\/b>Con el acuerdo de continuar la cooperaci\u00f3n entre la Secretar\u00eda de Salud y el Poder Judicial del Estado de M\u00e9xico para reiniciar de manera presencial, en la nueva normalidad, el servicio de impartici\u00f3n de justicia, los titulares de ambas instancias hicieron un llamado a no bajar la guardia ante el COVID-19.<\/p>\n<p class=\"p2\">El titular de Salud en la entidad, Francisco Javier Fern\u00e1ndez Clamont, y el Presidente del Tribunal Superior de Justicia, Ricardo Sodi Cuellar, coincidieron en que gracias al liderazgo del Gobernador Alfredo Del Mazo Maza, se ha avanzado en el combate a la pandemia, por lo que es necesario continuar con las medidas preventivas y la participaci\u00f3n responsable de la poblaci\u00f3n es parte fundamental.<\/p>\n<p class=\"p2\">Durante la entrega de reconocimiento al Instituto de Salud del Estado de M\u00e9xico (ISEM), por la intensa campa\u00f1a para la toma de pruebas r\u00e1pidas en las diversas sedes del Poder Judicial, llevada a cabo del 11 al 17 de mayo, se estableci\u00f3 el compromiso de reforzar el proceso de vacunaci\u00f3n y de esa manera proteger a los servidores p\u00fablicos que laboran en esta \u00e1rea fundamental de la administraci\u00f3n p\u00fablica.<\/p>\n<p class=\"p2\">En su oportunidad, el titular de Salud mexiquense destac\u00f3 que en las \u00faltimas 24 semanas se ha registrado una reducci\u00f3n importante en el n\u00famero de contagios y de personas hospitalizadas, lo que permiti\u00f3 a la entidad cambiar a verde en el sem\u00e1foro epidemiol\u00f3gico.<\/p>\n<p class=\"p2\">Adem\u00e1s del avance en la vacunaci\u00f3n contra COVID-19, que a la fecha ha logrado la inmunizaci\u00f3n de 3.6 millones de personas, a trav\u00e9s de la aplicaci\u00f3n de m\u00e1s de cinco millones de dosis.<\/p>\n<p class=\"p2\">Por ello, se comprometi\u00f3 a coordinarse con el Comit\u00e9 para la Prevenci\u00f3n de Riesgos Sanitarios del Tribunal Superior de Justicia y establecer una estrategia que permita avanzar m\u00e1s r\u00e1pido en la aplicaci\u00f3n de biol\u00f3gicos a sus trabajadores, dada la importancia del servicio que brindan a la ciudadan\u00eda del Estado de M\u00e9xico.<\/p>\n<p class=\"p2\">Por \u00a0su parte, el tambi\u00e9n Presidente del Consejo de la Judicatura en la entidad, agradeci\u00f3 el apoyo de la Secretar\u00eda de Salud e ISEM y destac\u00f3 la orientaci\u00f3n que en todo momento recibieron del Centro Estatal de Vigilancia Epidemiol\u00f3gica y Control de Enfermedades (CEVECE), pues fue parte fundamental para establecer la estrategia para la protecci\u00f3n de los trabajadores del Poder Judicial.<\/p>\n<p class=\"p2\">Coment\u00f3 que la asesor\u00eda de la autoridad sanitaria les permiti\u00f3 hacer frente a la \u00e9poca m\u00e1s cr\u00edtica del M\u00e9xico contempor\u00e1neo en t\u00e9rminos epidemiol\u00f3gicos y con la creaci\u00f3n de su Comit\u00e9 para la Prevenci\u00f3n de Riesgos Sanitarios se aplicaron acciones inmediatas como la entrega de equipo de protecci\u00f3n personal, insumos de sanitizaci\u00f3n, adquisici\u00f3n de tanques y concentradores de ox\u00edgeno para trabajadores y sus familias, afectadas por el nuevo coronavirus y el equipamiento de cuatro ambulancias.<\/p>\n<p class=\"p2\">El Magistrado Presidente Ricardo Sodi Cuellar explic\u00f3 que con el apoyo de las nuevas tecnolog\u00edas se avanz\u00f3 con mayor celeridad en la implementaci\u00f3n del Tribunal Electr\u00f3nico, audiencias virtuales y la gesti\u00f3n de la firma electr\u00f3nica para no suspender la atenci\u00f3n durante la pandemia.<\/p>\n<p class=\"p2\">A\u00f1adi\u00f3 que, con ello, la entidad mexiquense se ubica a la vanguardia a nivel nacional en la materia y con el apoyo de la Secretar\u00eda de Salud, en la aplicaci\u00f3n de pruebas r\u00e1pidas, el pr\u00f3ximo 14 de junio se reanudar\u00e1 el trabajo presencial.<\/p>\n<p class=\"p2\">Por su parte, el Presidente del \u00a0Comit\u00e9 para la Prevenci\u00f3n de Riesgos Sanitarios del Tribunal Superior de Justicia del Estado de M\u00e9xico, Pablo Espinosa M\u00e1rquez, detall\u00f3 que en este sentido, del 11 al 17 de mayo se aplicaron 4 mil 325 pruebas r\u00e1pidas en las diversas regiones en que el Poder Judicial divide a la entidad, las cuales fueron en su totalidad negativas.<\/p>\n<p class=\"p2\">Precis\u00f3 que al inicio de la pandemia, la asesor\u00eda de la Secretar\u00eda de Salud, del ISEM y del CEVECE permiti\u00f3 establecer la estrategia para descartar riesgo de contagio masivo, crear cerco epidemiol\u00f3gico para proteger a trabajadores y usuarios, sensibilizar a los m\u00e1s de 5 mil servidores judiciales para adoptar las medidas sanitarias y mantener una campa\u00f1a permanente de informaci\u00f3n acerca de la pandemia, acciones que permanecer\u00e1n, pues el riesgo a\u00fan es latente.<\/p>\n<p class=\"p2\">Finalmente, los titulares de ambas instancias, acordaron fortalecer el trabajo coordinado e impulsar acciones que contribuyan desde el \u00e1mbito de su competencia a mitigar la pandemia por COVID-19.<\/p>\n","protected":false},"excerpt":{"rendered":"<div class=\"mh-excerpt\"><p>\u2022 Entrega el Tribunal Superior de Justicia un reconocimiento a la Secretar\u00eda de Salud por <a class=\"mh-excerpt-more\" href=\"https:\/\/foro1025.mx\/?p=15058\" title=\"Acuerda salud y el poder judicial del Edom\u00e9x continuar el trabajo coordinado para mitigar la pandemia por COVID-19\">&#8230;<\/a><\/p>\n<\/div>","protected":false},"author":1,"featured_media":0,"comment_status":"closed","ping_status":"closed","sticky":false,"template":"","format":"standard","meta":{"footnotes":""},"categories":[13,25],"tags":[],"class_list":{"0":"post-15058","1":"post","2":"type-post","3":"status-publish","4":"format-standard","6":"category-estado-de-mexico","7":"category-salud-y-ciencia"},"_links":{"self":[{"href":"https:\/\/foro1025.mx\/index.php?rest_route=\/wp\/v2\/posts\/15058","targetHints":{"allow":["GET"]}}],"collection":[{"href":"https:\/\/foro1025.mx\/index.php?rest_route=\/wp\/v2\/posts"}],"about":[{"href":"https:\/\/foro1025.mx\/index.php?rest_route=\/wp\/v2\/types\/post"}],"author":[{"embeddable":true,"href":"https:\/\/foro1025.mx\/index.php?rest_route=\/wp\/v2\/users\/1"}],"replies":[{"embeddable":true,"href":"https:\/\/foro1025.mx\/index.php?rest_route=%2Fwp%2Fv2%2Fcomments&post=15058"}],"version-history":[{"count":1,"href":"https:\/\/foro1025.mx\/index.php?rest_route=\/wp\/v2\/posts\/15058\/revisions"}],"predecessor-version":[{"id":15060,"href":"https:\/\/foro1025.mx\/index.php?rest_route=\/wp\/v2\/posts\/15058\/revisions\/15060"}],"wp:attachment":[{"href":"https:\/\/foro1025.mx\/index.php?rest_route=%2Fwp%2Fv2%2Fmedia&parent=15058"}],"wp:term":[{"taxonomy":"category","embeddable":true,"href":"https:\/\/foro1025.mx\/index.php?rest_route=%2Fwp%2Fv2%2Fcategories&post=15058"},{"taxonomy":"post_tag","embeddable":true,"href":"https:\/\/foro1025.mx\/index.php?rest_route=%2Fwp%2Fv2%2Ftags&post=15058"}],"curies":[{"name":"wp","href":"https:\/\/api.w.org\/{rel}","templated":true}]}}