{"id":15084,"date":"2021-06-15T12:22:06","date_gmt":"2021-06-15T17:22:06","guid":{"rendered":"https:\/\/foro1025.mx\/?p=15084"},"modified":"2021-06-15T12:22:06","modified_gmt":"2021-06-15T17:22:06","slug":"aprueba-cabildo-comite-municipal-de-erradicacion-de-trabajo-infantil-2","status":"publish","type":"post","link":"https:\/\/foro1025.mx\/?p=15084","title":{"rendered":"Aprueba cabildo Comit\u00e9 Municipal de Erradicaci\u00f3n de Trabajo Infantil"},"content":{"rendered":"<p class=\"p1\">El Cabildo autoriz\u00f3 por unanimidad la integraci\u00f3n del Comit\u00e9 Municipal de Erradicaci\u00f3n de Trabajo Infantil en Naucalpan.<\/p>\n<p class=\"p1\">Su objetivo ser\u00e1 establecer pol\u00edticas p\u00fablicas, programas y acciones especiales para prevenir, atender y eliminar cualquier forma de trabajo infantil o condici\u00f3n de marginalidad, y de esta forma cumplir con lo estipulado en la Ley de los Derechos de Ni\u00f1as, Ni\u00f1os y Adolescentes del Estado de M\u00e9xico.<span class=\"Apple-converted-space\">\u00a0 \u00a0<\/span><\/p>\n<p class=\"p1\">En la Nonag\u00e9sima Quinta Sesi\u00f3n Ordinaria de Cabildo, el cuerpo edilicio record\u00f3 que el trabajo infantil es un fen\u00f3meno cuya complejidad involucra factores econ\u00f3micos, sociales, hist\u00f3ricos y culturales, por lo que es preciso tener diagn\u00f3sticos claros sobre la situaci\u00f3n en la que vive la poblaci\u00f3n infantil en el municipio. Esta informaci\u00f3n permitir\u00e1 identificar a los grupos que requieren mayor atenci\u00f3n y priorizar acciones pertinentes.<\/p>\n<p class=\"p1\">El Noveno Regidor, Ricardo Fuertes Ayala, invit\u00f3 a trabajar en equipo por el bien de la ni\u00f1ez naucalpense y propuso crear el patronato de protecci\u00f3n integral de los derechos de los ni\u00f1os, ni\u00f1as y adolescentes.<\/p>\n<p class=\"p1\">\u201cEl patronato tendr\u00e1 como finalidad coadyuvar con el correcto funcionamiento del mismo Comit\u00e9. Debemos involucrar a personas de la sociedad civil que tienen las ganas e inclusive el capital para que sucedan las cosas, no solo depender del Gobierno, de las formas, de la burocracia\u201d, dijo Fuertes Ayala.<\/p>\n<p class=\"p1\">El Comit\u00e9 ser\u00e1 presidido por la presidenta honoraria del Sistema DIF Municipal, Lilia Dur\u00e1n Reveles, y fungir\u00e1 como Secretario Rodrigo S\u00e1nchez de la Pe\u00f1a, Procurador Municipal de Ni\u00f1as, Ni\u00f1os y Adolescentes.<\/p>\n<p class=\"p1\">Por otra parte, tambi\u00e9n se atendi\u00f3 el exhorto emitido por la LX Legislatura del Estado de M\u00e9xico para que, en el \u00e1mbito de sus atribuciones, los municipios fortalezcan acciones de capacitaci\u00f3n a sus respectivos cuerpos de seguridad p\u00fablica.<\/p>\n<p class=\"p1\">Fuertes Ayala extern\u00f3 que la actual Administraci\u00f3n ha actuado con pertinencia y responsabilidad al brindar capacitaci\u00f3n a la Polic\u00eda Municipal desde el inicio de la gesti\u00f3n, destac\u00f3 que desde 2019 a la fecha se han impartido programas de actualizaci\u00f3n para elementos en activo y cursos de competencia b\u00e1sica a elementos de seguridad.<\/p>\n<p class=\"p1\">Finalmente, el Presidente Municipal por Ministerio de Ley, Jos\u00e9 Vel\u00e1zquez Meza, se despidi\u00f3 del Cabildo y agradeci\u00f3 el apoyo recibido durante el tiempo en que ha desempe\u00f1ado este cargo, el cual vence el 13 de junio.<\/p>\n","protected":false},"excerpt":{"rendered":"<div class=\"mh-excerpt\"><p>El Cabildo autoriz\u00f3 por unanimidad la integraci\u00f3n del Comit\u00e9 Municipal de Erradicaci\u00f3n de Trabajo Infantil <a class=\"mh-excerpt-more\" href=\"https:\/\/foro1025.mx\/?p=15084\" title=\"Aprueba cabildo Comit\u00e9 Municipal de Erradicaci\u00f3n de Trabajo Infantil\">&#8230;<\/a><\/p>\n<\/div>","protected":false},"author":1,"featured_media":0,"comment_status":"closed","ping_status":"closed","sticky":false,"template":"","format":"standard","meta":{"footnotes":""},"categories":[8],"tags":[],"class_list":{"0":"post-15084","1":"post","2":"type-post","3":"status-publish","4":"format-standard","6":"category-naucalpan"},"_links":{"self":[{"href":"https:\/\/foro1025.mx\/index.php?rest_route=\/wp\/v2\/posts\/15084","targetHints":{"allow":["GET"]}}],"collection":[{"href":"https:\/\/foro1025.mx\/index.php?rest_route=\/wp\/v2\/posts"}],"about":[{"href":"https:\/\/foro1025.mx\/index.php?rest_route=\/wp\/v2\/types\/post"}],"author":[{"embeddable":true,"href":"https:\/\/foro1025.mx\/index.php?rest_route=\/wp\/v2\/users\/1"}],"replies":[{"embeddable":true,"href":"https:\/\/foro1025.mx\/index.php?rest_route=%2Fwp%2Fv2%2Fcomments&post=15084"}],"version-history":[{"count":1,"href":"https:\/\/foro1025.mx\/index.php?rest_route=\/wp\/v2\/posts\/15084\/revisions"}],"predecessor-version":[{"id":15086,"href":"https:\/\/foro1025.mx\/index.php?rest_route=\/wp\/v2\/posts\/15084\/revisions\/15086"}],"wp:attachment":[{"href":"https:\/\/foro1025.mx\/index.php?rest_route=%2Fwp%2Fv2%2Fmedia&parent=15084"}],"wp:term":[{"taxonomy":"category","embeddable":true,"href":"https:\/\/foro1025.mx\/index.php?rest_route=%2Fwp%2Fv2%2Fcategories&post=15084"},{"taxonomy":"post_tag","embeddable":true,"href":"https:\/\/foro1025.mx\/index.php?rest_route=%2Fwp%2Fv2%2Ftags&post=15084"}],"curies":[{"name":"wp","href":"https:\/\/api.w.org\/{rel}","templated":true}]}}