{"id":15104,"date":"2021-06-15T13:50:31","date_gmt":"2021-06-15T18:50:31","guid":{"rendered":"https:\/\/foro1025.mx\/?p=15104"},"modified":"2021-06-15T13:50:31","modified_gmt":"2021-06-15T18:50:31","slug":"entrega-alfredo-del-mazo-la-rehabilitacion-del-museo-de-antropologia-e-historia-del-centro-cultural-mexiquense","status":"publish","type":"post","link":"https:\/\/foro1025.mx\/?p=15104","title":{"rendered":"Entrega Alfredo del Mazo la rehabilitaci\u00f3n del museo de antropolog\u00eda e historia del Centro Cultural Mexiquense"},"content":{"rendered":"<p class=\"p3\"><i>\u2022 Dan mantenimiento a toda la infraestructura del museo; se impermeabiliz\u00f3 y pint\u00f3, adem\u00e1s de la reparaci\u00f3n de los muros y los pasillos. <\/i><\/p>\n<p class=\"p3\"><i>\u2022 Se exhibe el esqueleto de un mamut, uno de los tres m\u00e1s completos que existen en Am\u00e9rica Latina, y el cual fue prestado por el Instituto Nacional de Antropolog\u00eda e Historia.<\/i><\/p>\n<p class=\"p3\"><i>\u2022 Tiene seis salas y en el recorrido se puede<span class=\"Apple-converted-space\">\u00a0 <\/span>conocer la vida de los primeros mexiquenses, de las culturas prehisp\u00e1nicas o de la sociedad colonial.<\/i><\/p>\n<p class=\"p3\"><b>Toluca, Estado de M\u00e9xico.- <\/b>\u00a0Gobernador Alfredo Del Mazo Maza entreg\u00f3 la modernizaci\u00f3n del Museo de Antropolog\u00eda e Historia, cuya restauraci\u00f3n consolida al Centro Cultural Mexiquense como un espacio moderno, seguro y accesible para la convivencia y el aprendizaje.<\/p>\n<p class=\"p3\">El mandatario estatal, acompa\u00f1ado por Marcela Gonz\u00e1lez Salas, Secretaria de Cultura y Turismo, y por Rafael D\u00edaz Leal Barrueta, Secretario de Desarrollo Urbano y Obra, recorri\u00f3 las salas que integran el inmueble, y en una de ellas observ\u00f3 el esqueleto de un mamut; pieza \u00fanica que es uno de los tres m\u00e1s completos que existen en Am\u00e9rica Latina, y el cual fue prestado a este museo por el Instituto Nacional de Antropolog\u00eda e Historia.<\/p>\n<p class=\"p3\">El Gobernador se\u00f1al\u00f3 que este espacio tambi\u00e9n alberga piezas de alto valor cultural, como una representaci\u00f3n del dios del viento para la cultura mexica, Eh\u00e9catl; piezas de cer\u00e1mica de Teotenango, entre otras que son un atractivo para los visitantes.<\/p>\n<p class=\"p3\">Del Mazo Maza recalc\u00f3 que este sitio fue remodelado para que lo visiten todas las familias del estado y de otros lugares del pa\u00eds, y que en \u00e9l se puede apreciar un gran acervo cultural, que va desde la \u00e9poca precl\u00e1sica, hasta artesan\u00edas actuales del estado.<\/p>\n<p class=\"p3\">\u00abEstamos aqu\u00ed en el Museo de Antropolog\u00eda e Historia, en el Centro Cultural Mexiquense, uno de los espacios que hemos rehabilitado para que todas las familias del Estado de M\u00e9xico y de otras partes de nuestro pa\u00eds puedan venir a visitar. Este en especial tiene un gran acervo de cultura, de art\u00edculos de \u00e9poca del Precl\u00e1sico hasta las artesan\u00edas actuales de nuestro querido Estado de M\u00e9xico.<\/p>\n<p class=\"p3\">\u201cTenemos una pieza \u00fanica, que es este mamut, que es uno de los tres mamuts m\u00e1s completos que existen en Am\u00e9rica Latina, y ahora ya es parte de la exhibici\u00f3n de este museo, nos lo prest\u00f3 el INAH, a quien le agradecemos por prestarnos esta pieza\u00bb, expres\u00f3 el Gobernador.<\/p>\n<p class=\"p3\">La renovaci\u00f3n de las seis salas de este espacio forma parte del fortalecimiento del Centro Cultural Mexiquense, donde la actual administraci\u00f3n concluy\u00f3 la construcci\u00f3n del Nuevo Conservatorio de M\u00fasica y de la Cineteca Mexiquense, adem\u00e1s de la restauraci\u00f3n del Museo Hacienda la Pila y del Museo de Arte Moderno.<\/p>\n<p class=\"p3\">\u00abAqu\u00ed en el Centro Cultural Mexiquense adem\u00e1s tenemos otros espacios que valen mucho la pena y quiero recordarlo porque tenemos el Museo de Arte Moderno, tenemos el Conservatorio de M\u00fasica, tenemos la Cineteca, el Museo de Culturas Populares y ahora recientemente rehabilitado este Museo de Antropolog\u00eda e Historia, que seguramente ser\u00e1 un gran atractivo para todas las familias. Las invitamos, los invitamos a que vengan a conocerlo\u00bb, extern\u00f3.<\/p>\n<p class=\"p3\">En conjunto, estas renovaciones fortalecen la infraestructura y los servicios culturales en la entidad, y hacen de este espacio uno de los principales ejes culturales en el centro del pa\u00eds.<\/p>\n","protected":false},"excerpt":{"rendered":"<div class=\"mh-excerpt\"><p>\u2022 Dan mantenimiento a toda la infraestructura del museo; se impermeabiliz\u00f3 y pint\u00f3, adem\u00e1s de <a class=\"mh-excerpt-more\" href=\"https:\/\/foro1025.mx\/?p=15104\" title=\"Entrega Alfredo del Mazo la rehabilitaci\u00f3n del museo de antropolog\u00eda e historia del Centro Cultural Mexiquense\">&#8230;<\/a><\/p>\n<\/div>","protected":false},"author":1,"featured_media":0,"comment_status":"closed","ping_status":"closed","sticky":false,"template":"","format":"standard","meta":{"footnotes":""},"categories":[20,13],"tags":[],"class_list":{"0":"post-15104","1":"post","2":"type-post","3":"status-publish","4":"format-standard","6":"category-cultura","7":"category-estado-de-mexico"},"_links":{"self":[{"href":"https:\/\/foro1025.mx\/index.php?rest_route=\/wp\/v2\/posts\/15104","targetHints":{"allow":["GET"]}}],"collection":[{"href":"https:\/\/foro1025.mx\/index.php?rest_route=\/wp\/v2\/posts"}],"about":[{"href":"https:\/\/foro1025.mx\/index.php?rest_route=\/wp\/v2\/types\/post"}],"author":[{"embeddable":true,"href":"https:\/\/foro1025.mx\/index.php?rest_route=\/wp\/v2\/users\/1"}],"replies":[{"embeddable":true,"href":"https:\/\/foro1025.mx\/index.php?rest_route=%2Fwp%2Fv2%2Fcomments&post=15104"}],"version-history":[{"count":1,"href":"https:\/\/foro1025.mx\/index.php?rest_route=\/wp\/v2\/posts\/15104\/revisions"}],"predecessor-version":[{"id":15106,"href":"https:\/\/foro1025.mx\/index.php?rest_route=\/wp\/v2\/posts\/15104\/revisions\/15106"}],"wp:attachment":[{"href":"https:\/\/foro1025.mx\/index.php?rest_route=%2Fwp%2Fv2%2Fmedia&parent=15104"}],"wp:term":[{"taxonomy":"category","embeddable":true,"href":"https:\/\/foro1025.mx\/index.php?rest_route=%2Fwp%2Fv2%2Fcategories&post=15104"},{"taxonomy":"post_tag","embeddable":true,"href":"https:\/\/foro1025.mx\/index.php?rest_route=%2Fwp%2Fv2%2Ftags&post=15104"}],"curies":[{"name":"wp","href":"https:\/\/api.w.org\/{rel}","templated":true}]}}