{"id":15270,"date":"2021-07-08T00:52:43","date_gmt":"2021-07-08T05:52:43","guid":{"rendered":"https:\/\/foro1025.mx\/?p=15270"},"modified":"2021-07-08T00:54:30","modified_gmt":"2021-07-08T05:54:30","slug":"firman-gem-y-uaem-acuerdo-estrategico-por-la-educacion-media-superior-y-superior-para-el-ciclo-escolar-2021-2022","status":"publish","type":"post","link":"https:\/\/foro1025.mx\/?p=15270","title":{"rendered":"Firman GEM y UAEM acuerdo estrat\u00e9gico por la educaci\u00f3n media superior y superior para el ciclo escolar 2021 &#8211; 2022"},"content":{"rendered":"<p class=\"p3\"><i>\u2022 Signan este acuerdo el Secretario de Educaci\u00f3n estatal y el Rector de la Universidad Aut\u00f3noma del Estado de M\u00e9xico, Carlos Eduardo Barrera D\u00edaz.<\/i><\/p>\n<p class=\"p3\"><i>\u2022 Permite este convenio brindar oportunidades educativas a los j\u00f3venes mexiquenses.<\/i><\/p>\n<p class=\"p3\"><b>Toluca, Estado de M\u00e9xico.- <\/b>Con el prop\u00f3sito de ofrecer oportunidades que permitan a los j\u00f3venes continuar sus estudios sin afectar su econom\u00eda ni la de sus familias, adem\u00e1s de evitar el abandono escolar, la Secretar\u00eda de Educaci\u00f3n (Seduc) y la Universidad Aut\u00f3noma del Estado de M\u00e9xico (UAEM), firmaron el Acuerdo Estrat\u00e9gico por la Educaci\u00f3n Media Superior y Superior para el Ciclo Escolar 2021-2022.<\/p>\n<p class=\"p3\">En su oportunidad, el Secretario de Educaci\u00f3n, Gerardo Monroy Serrano, se\u00f1al\u00f3 que el Gobernador Alfredo Del Mazo Maza mantiene su compromiso con los estudiantes mexiquenses, al consolidar estrategias educativas, como esta alianza que permite brindar una cantidad importante de espacios en todas las \u00e1reas del conocimiento y en toda la geograf\u00eda estatal, a los aspirantes que no hayan sido seleccionados en el proceso de admisi\u00f3n a la UAEM.<\/p>\n<p class=\"p3\">Asimismo, asegur\u00f3 que \u201cel Estado de M\u00e9xico requiere profesionales capaces que enfrenten los retos laborales actuales, pero, sobre todo, mujeres y hombres \u00edntegros, honestos y comprometidos con su familia y con la sociedad.<\/p>\n<p class=\"p3\">\u201cEstamos preparados para el regreso seguro a clases, apeg\u00e1ndonos a todos los protocolos establecidos a nivel nacional e internacional, juntos seguiremos trabajando para que los j\u00f3venes mexiquenses no abandonen sus estudios\u201d, dijo.<\/p>\n<p class=\"p3\">Explic\u00f3 que actualmente la Secretar\u00eda de Educaci\u00f3n cuenta con una matr\u00edcula de m\u00e1s de 454 mil estudiantes de nivel medio superior y para el pr\u00f3ximo ciclo escolar ofrecer\u00e1 125 mil 295 espacios, de los cuales, 2 mil 817 ser\u00e1n para solicitudes recibidas de la UAEM.<\/p>\n<p class=\"p3\">En el caso de la educaci\u00f3n superior, dijo, se tienen un registro de 115 mil alumnos y de 45 mil espacios que ofrecer\u00e1, 3 mil 725 ser\u00e1n para la m\u00e1xima casa de estudios estatal.<\/p>\n<p class=\"p3\">Por su parte, Carlos Eduardo Barrera D\u00edaz, Rector de la UAEM, manifest\u00f3 que es prioritario cubrir las necesidades de los estudiantes a trav\u00e9s de una oferta educativa atractiva, por lo que trabajar de manera conjunta con la Secretar\u00eda de Educaci\u00f3n, representa multiplicar las alternativas para que los j\u00f3venes no claudiquen por la falta de oportunidades y puedan aspirar a recibir una educaci\u00f3n de calidad.<\/p>\n<p class=\"p3\">Se\u00f1al\u00f3 que el acuerdo ayuda a abatir la deserci\u00f3n y refleja el clima de armon\u00eda interinstitucional que se ha alcanzado en este sector educativo, despu\u00e9s de un largo periodo de contingencia sanitaria.<\/p>\n<p class=\"p3\">A\u00f1adi\u00f3 que la comunidad universitaria reconoce al se\u00f1or Gobernador su disposici\u00f3n y entusiasmo por apoyar al sector estudiantil de la entidad, y por sus convicciones human\u00edsticas.<\/p>\n<p class=\"p3\">Explic\u00f3 que los aspirantes tendr\u00e1n una digna opci\u00f3n integrada por 116 programas de educaci\u00f3n superior de vanguardia y calidad probada por los Comit\u00e9s y Consejos de Evaluaci\u00f3n, respaldados por una s\u00f3lida infraestructura f\u00edsica y humana, con presencia en m\u00e1s de 77 municipios en 120 planteles, lo que permitir\u00e1 favorecer el \u00edndice de absorci\u00f3n y evitar el abandono escolar.<\/p>\n<p class=\"p3\">Aunado a esto, detall\u00f3 que la admisi\u00f3n al sistema educativo del Gobierno del Estado de M\u00e9xico, se har\u00e1 con base en la capacidad disponible y en los requisitos administrativos que establezca cada instituci\u00f3n receptora; adem\u00e1s se reconocer\u00e1n como v\u00e1lidos los tr\u00e1mites de preinscripci\u00f3n que los aspirantes realizaron para ingresar a la UAEM.<\/p>\n<p class=\"p3\">Este acuerdo aplicar\u00e1 para el ciclo escolar 2021-2022, para los aspirantes que presentaron examen de ingreso a la UAEM en este mismo periodo. De igual forma, los solicitantes que deseen ingresar al Sistema Educativo estatal, deber\u00e1n ajustarse a los programas que \u00e9ste ofrezca en sus niveles y modalidades de educaci\u00f3n media superior y superior.<\/p>\n<p class=\"p3\">Asimismo, dijo que se busca establecer las bases de colaboraci\u00f3n para que los egresados con los mejores promedios del nivel medio superior de control estatal tengan prioridad para ingresar a la UAEM.<\/p>\n<p class=\"p3\">Las carreras que ofrecen son, entre otros campos, Salud, Industria, Servicios, Medio Ambiente, Inform\u00e1tica, Comunicaci\u00f3n, Contabilidad, Administraci\u00f3n, Turismo, Mercadotecnia, Derecho y Educaci\u00f3n.<\/p>\n<p class=\"p3\">Sobresalen por innovadoras, T\u00e9cnico Superior Universitario en Mecatr\u00f3nica-\u00c1rea Sistemas de Manufactura Flexible, as\u00ed como Ingenier\u00edas en Aeron\u00e1utica, Energ\u00edas Renovables, Rob\u00f3tica, Biotecnolog\u00eda, Nanotecnolog\u00eda y Software.<\/p>\n<p class=\"p3\">En la firma estuvieron presentes, por la UAEM, Yolanda Ballesteros Sent\u00edes, Secretaria de Docencia, Marco Aurelio Cienfuegos Terr\u00f3n, Secretario de Rector\u00eda, Francisco Zepeda Mondrag\u00f3n, Secretario de Extensi\u00f3n y Vinculaci\u00f3n y Luz Mar\u00eda Jaimes Legorreta, Abogada General.<\/p>\n<p class=\"p3\">As\u00ed como Maribel G\u00f3ngora Espinoza, Subsecretaria de Educaci\u00f3n Superior y Normal, Israel Jer\u00f3nimo L\u00f3pez, Subsecretario de Educaci\u00f3n Media Superior, y Jos\u00e9 Luis G\u00f3mez Tamayo, Coordinador de Asuntos Jur\u00eddicos e Igualdad de G\u00e9nero de la Seduc.<\/p>\n","protected":false},"excerpt":{"rendered":"<div class=\"mh-excerpt\"><p>\u2022 Signan este acuerdo el Secretario de Educaci\u00f3n estatal y el Rector de la Universidad <a class=\"mh-excerpt-more\" href=\"https:\/\/foro1025.mx\/?p=15270\" title=\"Firman GEM y UAEM acuerdo estrat\u00e9gico por la educaci\u00f3n media superior y superior para el ciclo escolar 2021 &#8211; 2022\">&#8230;<\/a><\/p>\n<\/div>","protected":false},"author":1,"featured_media":0,"comment_status":"closed","ping_status":"closed","sticky":false,"template":"","format":"standard","meta":{"footnotes":""},"categories":[13],"tags":[],"class_list":{"0":"post-15270","1":"post","2":"type-post","3":"status-publish","4":"format-standard","6":"category-estado-de-mexico"},"_links":{"self":[{"href":"https:\/\/foro1025.mx\/index.php?rest_route=\/wp\/v2\/posts\/15270","targetHints":{"allow":["GET"]}}],"collection":[{"href":"https:\/\/foro1025.mx\/index.php?rest_route=\/wp\/v2\/posts"}],"about":[{"href":"https:\/\/foro1025.mx\/index.php?rest_route=\/wp\/v2\/types\/post"}],"author":[{"embeddable":true,"href":"https:\/\/foro1025.mx\/index.php?rest_route=\/wp\/v2\/users\/1"}],"replies":[{"embeddable":true,"href":"https:\/\/foro1025.mx\/index.php?rest_route=%2Fwp%2Fv2%2Fcomments&post=15270"}],"version-history":[{"count":1,"href":"https:\/\/foro1025.mx\/index.php?rest_route=\/wp\/v2\/posts\/15270\/revisions"}],"predecessor-version":[{"id":15271,"href":"https:\/\/foro1025.mx\/index.php?rest_route=\/wp\/v2\/posts\/15270\/revisions\/15271"}],"wp:attachment":[{"href":"https:\/\/foro1025.mx\/index.php?rest_route=%2Fwp%2Fv2%2Fmedia&parent=15270"}],"wp:term":[{"taxonomy":"category","embeddable":true,"href":"https:\/\/foro1025.mx\/index.php?rest_route=%2Fwp%2Fv2%2Fcategories&post=15270"},{"taxonomy":"post_tag","embeddable":true,"href":"https:\/\/foro1025.mx\/index.php?rest_route=%2Fwp%2Fv2%2Ftags&post=15270"}],"curies":[{"name":"wp","href":"https:\/\/api.w.org\/{rel}","templated":true}]}}