{"id":15417,"date":"2021-07-28T10:36:16","date_gmt":"2021-07-28T15:36:16","guid":{"rendered":"https:\/\/foro1025.mx\/?p=15417"},"modified":"2021-07-28T10:36:16","modified_gmt":"2021-07-28T15:36:16","slug":"presentan-plan-de-inversion-2021-2023-del-grupo-la-comer-para-el-edomex","status":"publish","type":"post","link":"https:\/\/foro1025.mx\/?p=15417","title":{"rendered":"Presentan plan de inversi\u00f3n 2021 &#8211; 2023 del grupo La Comer para el Edom\u00e9x"},"content":{"rendered":"<p class=\"p3\"><i>\u2022 Reconoce Edom\u00e9x responsabilidad social mostrada por el sector comercial durante la pandemia.<\/i><\/p>\n<p class=\"p3\"><i>\u2022 Da a conocer Grupo La Comer que invertir\u00e1n m\u00e1s de 2 mil 350 millones de pesos para la apertura de tres tiendas y la remodelaci\u00f3n de una, generar\u00e1 mil 961 empleos.\u00a0<\/i><\/p>\n<p class=\"p3\"><b>Toluca, Estado de M\u00e9xico.- <\/b>En la Presentaci\u00f3n del Plan de Inversi\u00f3n 2021-2023 de Grupo La Comer en el Edom\u00e9x, empresa de establecimientos autoservicio que invertir\u00e1 m\u00e1s de 2 mil 350 millones de pesos durante los pr\u00f3ximos dos a\u00f1os y medio en la apertura de tres nuevas tiendas, as\u00ed como en la remodelaci\u00f3n de una m\u00e1s, el Gobierno estatal subray\u00f3 la gran responsabilidad social que el sector comercial ha mostrado durante la pandemia.<\/p>\n<p class=\"p3\">El Gobernador mexiquense reconoci\u00f3 la labor que las empresas dedicadas al comercio han realizado a lo largo de estos meses, siempre pensando en el inter\u00e9s y bienestar de las familias, esfuerzo gracias al cual se mantuvo la estabilidad y el orden en la entidad, permitiendo la recuperaci\u00f3n de las actividades y continuar avanzando durante la pandemia.<\/p>\n<p class=\"p3\">Se indic\u00f3 que asegurar el abasto de alimentos en condiciones de restricci\u00f3n a la movilidad y a la producci\u00f3n, siempre bajo el riesgo de contagio, fue una tarea que requiri\u00f3 organizaci\u00f3n y trabajo, pero, sobre todo del compromiso de toda la cadena productiva, en el que los comercios tuvieron la responsabilidad de canalizar el esfuerzo.<\/p>\n<p class=\"p3\">En este marco, ante Alfonso Barrag\u00e1n Galindo, Director Legal Corporativo de Grupo La Comer, el titular del Ejecutivo estatal se congratul\u00f3 por el anuncio de inversi\u00f3n por m\u00e1s de 2 mil 350 millones de pesos que esta empresa realizar\u00e1 en los siguientes dos a\u00f1os y medio para consolidar su liderazgo, con la apertura de tres nuevas tiendas, incluyendo la de Metepec que ya est\u00e1 en operaci\u00f3n, as\u00ed como la remodelaci\u00f3n de una m\u00e1s, lo que generar\u00e1 mil 961 fuentes de empleo.<\/p>\n<p class=\"p3\">Las nuevas tiendas se ubicar\u00e1n en Atizap\u00e1n de Zaragoza, Naucalpan y Metepec, y la remodelaci\u00f3n se llevar\u00e1 a cabo en Plaza Sat\u00e9lite, en Naucalpan.<\/p>\n<p class=\"p3\">Destac\u00f3 la confianza depositada por los directivos de esta empresa en el Estado de M\u00e9xico, que se ve refrendada con las nuevas inversiones, permitiendo que en la actualidad esta firma tenga establecidas en nuestro territorio 15 unidades y genere 3 mil 500 empleos directos y m\u00e1s de 7 mil indirectos.<\/p>\n<p class=\"p3\">Felicit\u00f3 al equipo de directivos y colaboradores del Grupo La Comer quienes, con capacidad y visi\u00f3n, han construido una empresa comprometida con un servicio de calidad, orientada a la satisfacci\u00f3n de sus clientes, desarrollando esfuerzos que se han convertido en un motor de la recuperaci\u00f3n econ\u00f3mica nacional y un pilar de los esfuerzos que realiza el Estado de M\u00e9xico por fortalecer la econom\u00eda de las familias.<\/p>\n<p class=\"p3\">En este evento, realizado en Sal\u00f3n Guadalupe Victoria de la sede del Poder Ejecutivo estatal, estuvieron Alfonso Tavira Fern\u00e1ndez, Gerente de Relaciones con Gobierno de Grupo La Comer, y el Secretario de Desarrollo Econ\u00f3mico de la entidad, entre otros.<\/p>\n","protected":false},"excerpt":{"rendered":"<div class=\"mh-excerpt\"><p>\u2022 Reconoce Edom\u00e9x responsabilidad social mostrada por el sector comercial durante la pandemia. \u2022 Da <a class=\"mh-excerpt-more\" href=\"https:\/\/foro1025.mx\/?p=15417\" title=\"Presentan plan de inversi\u00f3n 2021 &#8211; 2023 del grupo La Comer para el Edom\u00e9x\">&#8230;<\/a><\/p>\n<\/div>","protected":false},"author":1,"featured_media":0,"comment_status":"closed","ping_status":"closed","sticky":false,"template":"","format":"standard","meta":{"footnotes":""},"categories":[13],"tags":[],"class_list":{"0":"post-15417","1":"post","2":"type-post","3":"status-publish","4":"format-standard","6":"category-estado-de-mexico"},"_links":{"self":[{"href":"https:\/\/foro1025.mx\/index.php?rest_route=\/wp\/v2\/posts\/15417","targetHints":{"allow":["GET"]}}],"collection":[{"href":"https:\/\/foro1025.mx\/index.php?rest_route=\/wp\/v2\/posts"}],"about":[{"href":"https:\/\/foro1025.mx\/index.php?rest_route=\/wp\/v2\/types\/post"}],"author":[{"embeddable":true,"href":"https:\/\/foro1025.mx\/index.php?rest_route=\/wp\/v2\/users\/1"}],"replies":[{"embeddable":true,"href":"https:\/\/foro1025.mx\/index.php?rest_route=%2Fwp%2Fv2%2Fcomments&post=15417"}],"version-history":[{"count":1,"href":"https:\/\/foro1025.mx\/index.php?rest_route=\/wp\/v2\/posts\/15417\/revisions"}],"predecessor-version":[{"id":15419,"href":"https:\/\/foro1025.mx\/index.php?rest_route=\/wp\/v2\/posts\/15417\/revisions\/15419"}],"wp:attachment":[{"href":"https:\/\/foro1025.mx\/index.php?rest_route=%2Fwp%2Fv2%2Fmedia&parent=15417"}],"wp:term":[{"taxonomy":"category","embeddable":true,"href":"https:\/\/foro1025.mx\/index.php?rest_route=%2Fwp%2Fv2%2Fcategories&post=15417"},{"taxonomy":"post_tag","embeddable":true,"href":"https:\/\/foro1025.mx\/index.php?rest_route=%2Fwp%2Fv2%2Ftags&post=15417"}],"curies":[{"name":"wp","href":"https:\/\/api.w.org\/{rel}","templated":true}]}}