{"id":1545,"date":"2017-03-29T13:37:40","date_gmt":"2017-03-29T19:37:40","guid":{"rendered":"https:\/\/foro1025.mx\/?p=1545"},"modified":"2017-03-29T13:37:40","modified_gmt":"2017-03-29T19:37:40","slug":"lentes-gratuitos-para-miles-de-estudiantes-de-coacalco","status":"publish","type":"post","link":"https:\/\/foro1025.mx\/?p=1545","title":{"rendered":"Lentes gratuitos para miles de estudiantes de Coacalco"},"content":{"rendered":"<div class=\"_2cuy _3dgx _2vxa\" style=\"text-align: left;\"><\/div>\n<div class=\"_2cuy _3dgx _2vxa\" style=\"text-align: left;\">Cerca de la mitad de los ni\u00f1os tienen alg\u00fan problema visual, afirm\u00f3 la presidenta del DIF municipal de Coacalco, al encabezar la entrega de 2 mil 900 lentes gratuitos para estudiantes.<\/div>\n<div class=\"_2cuy _3dgx _2vxa\" style=\"text-align: left;\">Hizo ver que el programa \u201cVer bien para aprender mejor\u201d, fue gestionado por el presidente municipal de Coacalco ante el gobierno estatal.<\/div>\n<div class=\"_2cuy _3dgx _2vxa\" style=\"text-align: left;\">\u201cLos ojos son la ventana del mundo, nos permiten ver colores, formas, texturas y tama\u00f1os. El contacto visual con el entorno determina la interacci\u00f3n y cercan\u00eda con el mismo\u201d, dijo la presidenta del DIF de Coacalco.<\/div>\n<div class=\"_2cuy _3dgx _2vxa\" style=\"text-align: left;\">Y se\u00f1al\u00f3 que en ese sentido la promoci\u00f3n de la salud visual es una prioridad en la agenda de salud p\u00fablica.<\/div>\n<div class=\"_2cuy _3dgx _2vxa\" style=\"text-align: left;\">El programa estatal \u201cVer bien para aprender mejor\u201d, beneficiar\u00e1 a m\u00e1s de dos mil 900 estudiantes de diferentes primarias y secundarias de Coacalco de Berrioz\u00e1bal.<\/div>\n<div class=\"_2cuy _3dgx _2vxa\" style=\"text-align: left;\">Por otro lado, la presidenta del DIF hizo un llamado a los habitantes del municipio para que se acerquen al Sistema para la Integraci\u00f3n de la Familia, donde se operar diversos programas de beneficio social.<\/div>\n<div class=\"_2cuy _3dgx _2vxa\" style=\"text-align: left;\">El acto de arranque del programa de salud visual fue en la secundaria n\u00famero 106 \u201cJosefa Ortiz de Dom\u00ednguez\u201d, a donde acudieron ediles de Coacalco y autoridades escolares.<\/div>\n","protected":false},"excerpt":{"rendered":"<div class=\"mh-excerpt\"><p>Cerca de la mitad de los ni\u00f1os tienen alg\u00fan problema visual, afirm\u00f3 la presidenta del <a class=\"mh-excerpt-more\" href=\"https:\/\/foro1025.mx\/?p=1545\" title=\"Lentes gratuitos para miles de estudiantes de Coacalco\">&#8230;<\/a><\/p>\n<\/div>","protected":false},"author":1,"featured_media":0,"comment_status":"open","ping_status":"open","sticky":false,"template":"","format":"standard","meta":{"footnotes":""},"categories":[7],"tags":[],"class_list":{"0":"post-1545","1":"post","2":"type-post","3":"status-publish","4":"format-standard","6":"category-coacalco"},"_links":{"self":[{"href":"https:\/\/foro1025.mx\/index.php?rest_route=\/wp\/v2\/posts\/1545","targetHints":{"allow":["GET"]}}],"collection":[{"href":"https:\/\/foro1025.mx\/index.php?rest_route=\/wp\/v2\/posts"}],"about":[{"href":"https:\/\/foro1025.mx\/index.php?rest_route=\/wp\/v2\/types\/post"}],"author":[{"embeddable":true,"href":"https:\/\/foro1025.mx\/index.php?rest_route=\/wp\/v2\/users\/1"}],"replies":[{"embeddable":true,"href":"https:\/\/foro1025.mx\/index.php?rest_route=%2Fwp%2Fv2%2Fcomments&post=1545"}],"version-history":[{"count":1,"href":"https:\/\/foro1025.mx\/index.php?rest_route=\/wp\/v2\/posts\/1545\/revisions"}],"predecessor-version":[{"id":1547,"href":"https:\/\/foro1025.mx\/index.php?rest_route=\/wp\/v2\/posts\/1545\/revisions\/1547"}],"wp:attachment":[{"href":"https:\/\/foro1025.mx\/index.php?rest_route=%2Fwp%2Fv2%2Fmedia&parent=1545"}],"wp:term":[{"taxonomy":"category","embeddable":true,"href":"https:\/\/foro1025.mx\/index.php?rest_route=%2Fwp%2Fv2%2Fcategories&post=1545"},{"taxonomy":"post_tag","embeddable":true,"href":"https:\/\/foro1025.mx\/index.php?rest_route=%2Fwp%2Fv2%2Ftags&post=1545"}],"curies":[{"name":"wp","href":"https:\/\/api.w.org\/{rel}","templated":true}]}}