{"id":15561,"date":"2021-08-06T12:14:43","date_gmt":"2021-08-06T17:14:43","guid":{"rendered":"https:\/\/foro1025.mx\/?p=15561"},"modified":"2021-08-06T12:14:43","modified_gmt":"2021-08-06T17:14:43","slug":"informa-alfredo-del-mazo-que-edomex-permanece-en-semaforo-naranja-y-subraya-que-vacunacion-permite-disminuir-contagios-y-hospitalizaciones","status":"publish","type":"post","link":"https:\/\/foro1025.mx\/?p=15561","title":{"rendered":"Informa Alfredo Del Mazo que Edom\u00e9x permanece en Sem\u00e1foro Naranja y subraya que vacunaci\u00f3n permite disminuir contagios y hospitalizaciones"},"content":{"rendered":"<p class=\"p3\"><i>\u2022 Da a conocer Gobernador de Edom\u00e9x que en la entidad contin\u00faa en aumento el n\u00famero de contagios por COVID-19, por lo que hizo un llamado a continuar con las medidas preventivas. <\/i><\/p>\n<p class=\"p3\"><i>\u2022 Refiere que la vacunaci\u00f3n permite prevenir contagios y puntualiza que los adultos mayores ya han recibido sus dos dosis del biol\u00f3gico, mientras que la pr\u00f3xima semana se concluir\u00e1 con los de 50 a\u00f1os y m\u00e1s. <\/i><\/p>\n<p class=\"p3\"><i>\u2022 Se\u00f1ala que se deben evitar la realizaci\u00f3n de eventos masivos y que la contenci\u00f3n de la tercera ola de contagios por COVID-19 depende tambi\u00e9n del esfuerzo de la poblaci\u00f3n. <\/i><\/p>\n<p class=\"p3\"><b>Toluca, Estado de M\u00e9xico, 6 de agosto de 2021.<\/b> El Gobernador Alfredo Del Mazo Maza inform\u00f3 que el Estado de M\u00e9xico contin\u00faa en sem\u00e1foro naranja y destac\u00f3 que la vacunaci\u00f3n ha permitido la disminuci\u00f3n en el ritmo de contagios y el n\u00famero de hospitalizaciones.<\/p>\n<p class=\"p3\">\u201cEn el Estado de M\u00e9xico se sigue incrementando el n\u00famero de contagios, durante las pr\u00f3ximas dos semanas continuaremos en sem\u00e1foro naranja\u201d, se\u00f1al\u00f3 a trav\u00e9s de un mensaje en redes sociales.<\/p>\n<p class=\"p3\">\u201cLa vacuna funciona, la vacuna s\u00ed nos sirve para prevenir enfermedades, prevenir contagios y si se llegar\u00e1 a contagiar, el contagio tenga un riesgo mucho menor\u201d, agreg\u00f3.<\/p>\n<p class=\"p3\">Del Mazo Maza explic\u00f3 que la variante Delta de COVID-19 tiene un nivel r\u00e1pido de contagio, por eso se debe de continuar con las medidas preventivas.<\/p>\n<p class=\"p3\">Precis\u00f3 que la entidad mexiquense avanza en la vacunaci\u00f3n, ya que se concluy\u00f3 con la aplicaci\u00f3n de las dos dosis a los adultos mayores, mientras que la siguiente semana se concluir\u00e1 con los de 50 a\u00f1os y m\u00e1s.<\/p>\n<p class=\"p3\">Puntualiz\u00f3 que los mayores de 40 y 30 a\u00f1os ya han recibido el biol\u00f3gico, cuando menos con la primera dosis, y expres\u00f3 que se avanza para que pronto se pueda anunciar la vacunaci\u00f3n universal, es decir, que todos los mayores de 18 a\u00f1os puedan vacunarse.<\/p>\n<p class=\"p3\">El Gobernador mexiquense hizo un llamado a la poblaci\u00f3n para evitar la realizaci\u00f3n de eventos masivos y seguir siendo responsables con las medidas preventivas, as\u00ed como asistir a vacunarse.<\/p>\n<p class=\"p3\">\u201cSigamos evitando los eventos grandes, masivos, sigamos siendo muy responsables manejando las medidas preventivas, el uso del cubrebocas, para que podamos seguir avanzando, todos queremos retomar nuestra normalidad, queremos que esta tercera ola de contagios vaya conteni\u00e9ndose y se pueda disminuir, depende tambi\u00e9n del esfuerzo que todos hagamos por seguir cuidando todos de todos\u201d, expres\u00f3.<\/p>\n","protected":false},"excerpt":{"rendered":"<div class=\"mh-excerpt\"><p>\u2022 Da a conocer Gobernador de Edom\u00e9x que en la entidad contin\u00faa en aumento el <a class=\"mh-excerpt-more\" href=\"https:\/\/foro1025.mx\/?p=15561\" title=\"Informa Alfredo Del Mazo que Edom\u00e9x permanece en Sem\u00e1foro Naranja y subraya que vacunaci\u00f3n permite disminuir contagios y hospitalizaciones\">&#8230;<\/a><\/p>\n<\/div>","protected":false},"author":1,"featured_media":0,"comment_status":"closed","ping_status":"closed","sticky":false,"template":"","format":"standard","meta":{"footnotes":""},"categories":[13,39,25],"tags":[],"class_list":{"0":"post-15561","1":"post","2":"type-post","3":"status-publish","4":"format-standard","6":"category-estado-de-mexico","7":"category-principales","8":"category-salud-y-ciencia"},"_links":{"self":[{"href":"https:\/\/foro1025.mx\/index.php?rest_route=\/wp\/v2\/posts\/15561","targetHints":{"allow":["GET"]}}],"collection":[{"href":"https:\/\/foro1025.mx\/index.php?rest_route=\/wp\/v2\/posts"}],"about":[{"href":"https:\/\/foro1025.mx\/index.php?rest_route=\/wp\/v2\/types\/post"}],"author":[{"embeddable":true,"href":"https:\/\/foro1025.mx\/index.php?rest_route=\/wp\/v2\/users\/1"}],"replies":[{"embeddable":true,"href":"https:\/\/foro1025.mx\/index.php?rest_route=%2Fwp%2Fv2%2Fcomments&post=15561"}],"version-history":[{"count":1,"href":"https:\/\/foro1025.mx\/index.php?rest_route=\/wp\/v2\/posts\/15561\/revisions"}],"predecessor-version":[{"id":15563,"href":"https:\/\/foro1025.mx\/index.php?rest_route=\/wp\/v2\/posts\/15561\/revisions\/15563"}],"wp:attachment":[{"href":"https:\/\/foro1025.mx\/index.php?rest_route=%2Fwp%2Fv2%2Fmedia&parent=15561"}],"wp:term":[{"taxonomy":"category","embeddable":true,"href":"https:\/\/foro1025.mx\/index.php?rest_route=%2Fwp%2Fv2%2Fcategories&post=15561"},{"taxonomy":"post_tag","embeddable":true,"href":"https:\/\/foro1025.mx\/index.php?rest_route=%2Fwp%2Fv2%2Ftags&post=15561"}],"curies":[{"name":"wp","href":"https:\/\/api.w.org\/{rel}","templated":true}]}}