{"id":15611,"date":"2021-08-09T15:54:01","date_gmt":"2021-08-09T20:54:01","guid":{"rendered":"https:\/\/foro1025.mx\/?p=15611"},"modified":"2021-08-09T15:54:01","modified_gmt":"2021-08-09T20:54:01","slug":"vacunacion-a-personas-de-18-a-29-anos-inicia-el-miercoles-11-de-agosto","status":"publish","type":"post","link":"https:\/\/foro1025.mx\/?p=15611","title":{"rendered":"Vacunaci\u00f3n a personas de 18 a 29 a\u00f1os inicia el mi\u00e9rcoles 11 de Agosto"},"content":{"rendered":"<p class=\"p1\">El pr\u00f3ximo mi\u00e9rcoles 11 de agosto inicia en Naucalpan la aplicaci\u00f3n de la primera dosis de la vacuna contra el virus SARS-CoV-2 a la poblaci\u00f3n de 18 a29 a\u00f1os y mujeres embarazadas mayores de edad con nueve semanas o m\u00e1s de gestaci\u00f3n.<\/p>\n<p class=\"p1\">Del 11 al 18 de agosto se inyectar\u00e1 el biol\u00f3gico en cinco m\u00f3dulos distribuidos en el territorio: Deportivo Benito Ju\u00e1rez, Plaza C\u00edvica de San Mateo Nopala, Escuela Primaria \u201cAn\u00e1huac\u201d de Loma Colorada, Parque Naucalli y el M\u00f3dulo Vehicular de la UVM Lomas Verdes.<\/p>\n<p class=\"p1\">En un horario de 9:00 a 17:00 horas, personal del Gobierno de M\u00e9xico, del Estado de M\u00e9xico y de Naucalpan trabajar\u00e1n en conjunto para la aplicaci\u00f3n de las dosis, de acuerdo con la letra inicial del primer apellido:<\/p>\n<p class=\"p1\">\u2022 A, B, C: mi\u00e9rcoles 11 de agosto<\/p>\n<p class=\"p1\">\u2022 D, E, F: jueves 12 de agosto<\/p>\n<p class=\"p1\">\u2022 G, H, I: viernes 13 de agosto<\/p>\n<p class=\"p1\">\u2022 J, K, L: s\u00e1bado 14 de agosto<\/p>\n<p class=\"p1\">\u2022 M, N, \u00d1, O: domingo 15 de agosto<\/p>\n<p class=\"p1\">\u2022 P, Q, R: lunes 16 de agosto<\/p>\n<p class=\"p1\">\u2022 S, T, U: martes 17 de agosto<\/p>\n<p class=\"p1\">\u2022 V, W, X, Y, Z: mi\u00e9rcoles 18 de agosto<\/p>\n<p class=\"p1\">Para atender a la poblaci\u00f3n de los pueblos originarios, el mi\u00e9rcoles 18 de agosto se instalar\u00e1n m\u00f3dulos en San Francisco Chimalpa y Santiago Tepatlaxco en donde se aplicar\u00e1 la vacuna a quien cumpla con el rango de edad, sin importar la letra del primer apellido.<\/p>\n<p class=\"p1\">El d\u00eda de la vacunaci\u00f3n, los ciudadanos deber\u00e1n presentar el formato de vacunaci\u00f3n con c\u00f3digo QR lleno e impreso del sitio: https:\/\/mivacuna.salud.gob.mx, as\u00ed como una identificaci\u00f3n oficial, CURP y comprobante de domicilio original reciente.<\/p>\n<p class=\"p1\">Se pide a las personas llenar el formato con la informaci\u00f3n solicitada, con excepci\u00f3n del tipo de vacuna, el n\u00famero de lote y la fecha en que acudir\u00e1n, esto facilitar\u00e1 el acceso a las sedes y agilizar\u00e1 el proceso de vacunaci\u00f3n.<\/p>\n<p class=\"p1\">El Gobierno de Naucalpan insta a la poblaci\u00f3n a reforzar las medidas de prevenci\u00f3n contra el coronavirus, independientemente de si ya han recibido la vacuna.<\/p>\n","protected":false},"excerpt":{"rendered":"<div class=\"mh-excerpt\"><p>El pr\u00f3ximo mi\u00e9rcoles 11 de agosto inicia en Naucalpan la aplicaci\u00f3n de la primera dosis <a class=\"mh-excerpt-more\" href=\"https:\/\/foro1025.mx\/?p=15611\" title=\"Vacunaci\u00f3n a personas de 18 a 29 a\u00f1os inicia el mi\u00e9rcoles 11 de Agosto\">&#8230;<\/a><\/p>\n<\/div>","protected":false},"author":1,"featured_media":0,"comment_status":"closed","ping_status":"closed","sticky":false,"template":"","format":"standard","meta":{"footnotes":""},"categories":[8,25],"tags":[],"class_list":{"0":"post-15611","1":"post","2":"type-post","3":"status-publish","4":"format-standard","6":"category-naucalpan","7":"category-salud-y-ciencia"},"_links":{"self":[{"href":"https:\/\/foro1025.mx\/index.php?rest_route=\/wp\/v2\/posts\/15611","targetHints":{"allow":["GET"]}}],"collection":[{"href":"https:\/\/foro1025.mx\/index.php?rest_route=\/wp\/v2\/posts"}],"about":[{"href":"https:\/\/foro1025.mx\/index.php?rest_route=\/wp\/v2\/types\/post"}],"author":[{"embeddable":true,"href":"https:\/\/foro1025.mx\/index.php?rest_route=\/wp\/v2\/users\/1"}],"replies":[{"embeddable":true,"href":"https:\/\/foro1025.mx\/index.php?rest_route=%2Fwp%2Fv2%2Fcomments&post=15611"}],"version-history":[{"count":1,"href":"https:\/\/foro1025.mx\/index.php?rest_route=\/wp\/v2\/posts\/15611\/revisions"}],"predecessor-version":[{"id":15613,"href":"https:\/\/foro1025.mx\/index.php?rest_route=\/wp\/v2\/posts\/15611\/revisions\/15613"}],"wp:attachment":[{"href":"https:\/\/foro1025.mx\/index.php?rest_route=%2Fwp%2Fv2%2Fmedia&parent=15611"}],"wp:term":[{"taxonomy":"category","embeddable":true,"href":"https:\/\/foro1025.mx\/index.php?rest_route=%2Fwp%2Fv2%2Fcategories&post=15611"},{"taxonomy":"post_tag","embeddable":true,"href":"https:\/\/foro1025.mx\/index.php?rest_route=%2Fwp%2Fv2%2Ftags&post=15611"}],"curies":[{"name":"wp","href":"https:\/\/api.w.org\/{rel}","templated":true}]}}