{"id":1565,"date":"2017-06-06T13:47:49","date_gmt":"2017-06-06T18:47:49","guid":{"rendered":"https:\/\/foro1025.mx\/?p=1565"},"modified":"2017-06-06T13:47:49","modified_gmt":"2017-06-06T18:47:49","slug":"aseguran-autoridades-estatales-y-municipales-a-27-personas-por-robos-en-tultitlan-y-acolman","status":"publish","type":"post","link":"https:\/\/foro1025.mx\/?p=1565","title":{"rendered":"Aseguran autoridades estatales y municipales a 27 personas por robos en Tultitl\u00e1n y Acolman"},"content":{"rendered":"<p class=\"p1\">Derivado de diversas acciones realizadas en conjunto con las Polic\u00edas Municipales de Tultitl\u00e1n y Acolman, as\u00ed como con elementos de la Comisi\u00f3n Estatal de Seguridad Ciudan\u00eda (CES), y de la Fiscal\u00eda General de Justicia del Estado de M\u00e9xico (FGJEM), fueron detenidas 27 personas por su presunta participaci\u00f3n en robos a tiendas Oxxo, registrados durante la noche del 5 de junio y las primeras horas del 6 de junio. De los detenidos, 24 son hombres, 12 de \u00e9stos menores de edad, as\u00ed como tres mujeres adultas.<\/p>\n<p class=\"p3\">En una primera acci\u00f3n realizada en el municipio de Tultitl\u00e1n fueron asegurados Marisol \u201cN\u201d, Heriberto \u201cN\u201d, Braulio \u201cN\u201d, Rodrigo \u201cN\u201d, y un menor de 13 a\u00f1os de edad, quienes presuntamente rompieron los cristales de una tienda Oxxo ubicada en la Avenida Prados, en la colonia San Pablo de las Salinas, de donde sustrajeron cajetillas de cigarros y botellas de cerveza.<\/p>\n<p class=\"p3\">Al continuar con las movilizaciones, fueron asegurados Zuhey \u201cN\u201d, Marina \u201cN\u201d, Roberto \u201cN\u201d,<span class=\"Apple-converted-space\">\u00a0 <\/span>Jonathan \u201cN\u201d, y Bryan \u201cN\u201d, individuos que presumiblemente ingresaron a una tienda ubicada en la Avenida Canal de Castera, en la Unidad Habitacional Morelos Segunda Secci\u00f3n, y robaron diversos productos de consumo.<\/p>\n<p class=\"p3\">De igual forma, en este mismo municipio fueron detenidos Ancelot \u201cN\u201d, e Iv\u00e1n Antonio \u201cN\u201d, quienes presuntamente se introdujeron a una tienda Oxxo, de donde sustrajeron botellas de bebidas alcoh\u00f3licas y cajetillas de cigarros.<\/p>\n<p class=\"p3\">Asimismo al continuar con estas acciones se logr\u00f3 la detenci\u00f3n en la Avenida Prados Sur, Unidad Morelos Tercera Secci\u00f3n, de Carlos Fernando \u201cN\u201d y Abraham \u201cN\u201d, quienes ten\u00edan en su poder envoltorios con estupefacientes, sin embargo esta Instituci\u00f3n investiga su presunta participaci\u00f3n en los<span class=\"Apple-converted-space\">\u00a0 <\/span>robos en agravio de tiendas Oxxo.<\/p>\n<p class=\"p3\">En tanto, en el municipio de Acolman, en un primer operativo fueron asegurados ocho sujetos menores de edad, de entre 13 a 17 a\u00f1os, quienes arribaron a una tienda ubicada en el Boulevard de Lago, en la colonia Real del Valle, de donde sustrajeron botellas de cerveza y cajetillas de cigarros.<\/p>\n<p class=\"p3\">Cabe mencionar que derivado de esta detenci\u00f3n y a la informaci\u00f3n recabada, se despleg\u00f3 un operativo en la zona y fueron asegurados cinco personas m\u00e1s, quienes se presume fueron los sujetos que planearon el robo a este Oxxo.<\/p>\n<p class=\"p3\">Los presuntos delincuentes fueron identificados como Juan Carlos \u201cN\u201d, de 18 a\u00f1os de edad, Misael \u201cN\u201d, de 20 a\u00f1os de edad, as\u00ed como tres menores de 15 y 16 a\u00f1os.<\/p>\n<p class=\"p3\">Los menores fueron presentados ante el Agente del Ministerio P\u00fablico Especializado en Adolescentes, quien determinar\u00e1 su situaci\u00f3n legal, en tanto que los adultos detenidos quedaron a disposici\u00f3n del Representante Social en estos municipios, para que defina su situaci\u00f3n legal, sin embargo se les presume inocentes hasta que sea dictada una sentencia condenatoria en su contra.<\/p>\n<p class=\"p3\">La Fiscal\u00eda General de Justicia estatal hace un llamado a la ciudadan\u00eda para que en caso de que reconozca a estos sujetos como probables part\u00edcipes de alg\u00fan otro il\u00edcito, sean denunciados a trav\u00e9s del correo electr\u00f3nico cerotolerancia@edomex.gob,mx, o al n\u00famero telef\u00f3nico 01 800 7028770.<\/p>\n","protected":false},"excerpt":{"rendered":"<div class=\"mh-excerpt\"><p>Derivado de diversas acciones realizadas en conjunto con las Polic\u00edas Municipales de Tultitl\u00e1n y Acolman, <a class=\"mh-excerpt-more\" href=\"https:\/\/foro1025.mx\/?p=1565\" title=\"Aseguran autoridades estatales y municipales a 27 personas por robos en Tultitl\u00e1n y Acolman\">&#8230;<\/a><\/p>\n<\/div>","protected":false},"author":1,"featured_media":0,"comment_status":"open","ping_status":"open","sticky":false,"template":"","format":"standard","meta":{"footnotes":""},"categories":[9,10],"tags":[],"class_list":{"0":"post-1565","1":"post","2":"type-post","3":"status-publish","4":"format-standard","6":"category-seguridad","7":"category-tultitlan"},"_links":{"self":[{"href":"https:\/\/foro1025.mx\/index.php?rest_route=\/wp\/v2\/posts\/1565","targetHints":{"allow":["GET"]}}],"collection":[{"href":"https:\/\/foro1025.mx\/index.php?rest_route=\/wp\/v2\/posts"}],"about":[{"href":"https:\/\/foro1025.mx\/index.php?rest_route=\/wp\/v2\/types\/post"}],"author":[{"embeddable":true,"href":"https:\/\/foro1025.mx\/index.php?rest_route=\/wp\/v2\/users\/1"}],"replies":[{"embeddable":true,"href":"https:\/\/foro1025.mx\/index.php?rest_route=%2Fwp%2Fv2%2Fcomments&post=1565"}],"version-history":[{"count":1,"href":"https:\/\/foro1025.mx\/index.php?rest_route=\/wp\/v2\/posts\/1565\/revisions"}],"predecessor-version":[{"id":1567,"href":"https:\/\/foro1025.mx\/index.php?rest_route=\/wp\/v2\/posts\/1565\/revisions\/1567"}],"wp:attachment":[{"href":"https:\/\/foro1025.mx\/index.php?rest_route=%2Fwp%2Fv2%2Fmedia&parent=1565"}],"wp:term":[{"taxonomy":"category","embeddable":true,"href":"https:\/\/foro1025.mx\/index.php?rest_route=%2Fwp%2Fv2%2Fcategories&post=1565"},{"taxonomy":"post_tag","embeddable":true,"href":"https:\/\/foro1025.mx\/index.php?rest_route=%2Fwp%2Fv2%2Ftags&post=1565"}],"curies":[{"name":"wp","href":"https:\/\/api.w.org\/{rel}","templated":true}]}}