{"id":1568,"date":"2017-06-06T13:52:56","date_gmt":"2017-06-06T18:52:56","guid":{"rendered":"https:\/\/foro1025.mx\/?p=1568"},"modified":"2017-06-06T13:53:18","modified_gmt":"2017-06-06T18:53:18","slug":"secretaria-de-cultura-federal-y-mexiquense-convocan-a-las-38-muestra-nacional-de-teatro","status":"publish","type":"post","link":"https:\/\/foro1025.mx\/?p=1568","title":{"rendered":"Secretar\u00eda de Cultura federal y mexiquense, convocan a la \u00ab38 Muestra Nacional de Teatro\u00bb"},"content":{"rendered":"<p><strong><i>Directores, actores, pensadores, dramaturgos y productores, entre otros, son llamados a contender en la edici\u00f3n 38 del evento.<\/i><\/strong><\/p>\n<p class=\"p2\" style=\"text-align: left;\"><b>\u00a0<\/b>Con el prop\u00f3sito de reunir a creadores de teatro con los diferentes p\u00fablicos en un ambiente que fomente nuevas ideas, cr\u00edtica con objetivos claros y la transmisi\u00f3n de experiencias, las secretar\u00edas de Cultura federal y estatal convocan a la 38 Muestra Nacional de Teatro, que ofrecer\u00e1 la posibilidad de realizar actividades acad\u00e9micas y especiales, en esta ocasi\u00f3n en la ciudad de Le\u00f3n, Guanajuato.<\/p>\n<p class=\"p2\" style=\"text-align: left;\">Los asistentes al evento, podr\u00e1n concursar adem\u00e1s por una de las becas de manutenci\u00f3n para permanecer en la Muestra Nacional, que se desarrollar\u00e1 \u00a0del 23 de noviembre al 2 de diciembre, para lo cual, los creadores deben ser del Estado de M\u00e9xico o acreditar mediante documentos su residencia durante los \u00faltimos 3 a\u00f1os, adem\u00e1s de tener entre 18 y 33 a\u00f1os cumplidos al cierre de la presente convocatoria.<\/p>\n<p class=\"p2\" style=\"text-align: left;\">Los postulantes deber\u00e1n enviar al correo electr\u00f3nico\u00a0<span class=\"s1\">teatro.edomex@gmail.com<\/span>\u00a0su curr\u00edculum vitae, carta exposici\u00f3n de motivos, formato de registro completo y firmado, el cual podr\u00e1n descargar en la p\u00e1gina\u00a0<span class=\"s1\">http:\/\/www.cultura.edomex.gob.mx<\/span>, anexando adem\u00e1s copia de identificaci\u00f3n oficial (INE, Pasaporte, CURP), y constancia de residencia emitida por una instancia oficial, a partir del 7 de junio.<\/p>\n<p class=\"p2\" style=\"text-align: left;\">Las propuestas que no cumplan con las bases y la documentaci\u00f3n no podr\u00e1n formar parte del proceso de selecci\u00f3n para las Becas de Manutenci\u00f3n de la 38 Muestra Nacional de Teatro, cuya publicaci\u00f3n de resultados ser\u00e1 a m\u00e1s tardar el 11 de agosto de 2017, a trav\u00e9s de la p\u00e1gina web y medios electr\u00f3nicos de la instancia estatal de cultura. Para mayor informaci\u00f3n los postulantes pueden comunicarse por los siguientes medios (722) 2741200 Ext. 1215 o al correo electr\u00f3nico\u00a0<span class=\"s1\">teatro.edomex@gmail.com<\/span><\/p>\n<p class=\"p2\" style=\"text-align: left;\"><b>PROGRAMA TEATRAL<\/b><\/p>\n<p class=\"p2\" style=\"text-align: left;\">Por otro lado, ambas dependencias convocaron a creadores teatrales a formar parte del Programa Nacional de Teatro Escolar 2017-2018, a fin de acercar a los ni\u00f1os, ni\u00f1as y j\u00f3venes a las artes esc\u00e9nicas; estimular la creaci\u00f3n dram\u00e1tica y crear fuentes de trabajo.<\/p>\n<p class=\"p2\" style=\"text-align: left;\">Los participantes podr\u00e1n incribir proyectos individuales o colectivos, con un montaje dirigido al p\u00fablico de edad escolar, y cuyos requisitos pueden ser consultados en la p\u00e1gina\u00a0<span class=\"s1\">cultura.edomex.gob.mx<\/span>\u00a0a partir del 9 de junio.<\/p>\n<p class=\"p2\" style=\"text-align: left;\">La recepci\u00f3n de proyectos tambi\u00e9n ser\u00e1 hasta el 14 de julio a trav\u00e9s del correo\u00a0<span class=\"s1\">teatro.edomex@gmail.com<\/span>\u00a0o en las oficinas de la Subdirecci\u00f3n de Artes Esc\u00e9nicas de la Secretar\u00eda de Cultura ubicada en Bulevar Jes\u00fas Reyes Heroles No. 302, Delegaci\u00f3n San Buenaventura, Toluca, estado de M\u00e9xico.<\/p>\n<p class=\"p2\" style=\"text-align: left;\"><img loading=\"lazy\" decoding=\"async\" class=\"aligncenter size-large wp-image-1570\" src=\"https:\/\/foro1025.mx\/wp-content\/uploads\/2017\/06\/IMG_0502-1024x683.jpg\" alt=\"\" width=\"676\" height=\"451\" \/><\/p>\n","protected":false},"excerpt":{"rendered":"<div class=\"mh-excerpt\"><p>Directores, actores, pensadores, dramaturgos y productores, entre otros, son llamados a contender en la edici\u00f3n <a class=\"mh-excerpt-more\" href=\"https:\/\/foro1025.mx\/?p=1568\" title=\"Secretar\u00eda de Cultura federal y mexiquense, convocan a la \u00ab38 Muestra Nacional de Teatro\u00bb\">&#8230;<\/a><\/p>\n<\/div>","protected":false},"author":1,"featured_media":0,"comment_status":"open","ping_status":"open","sticky":false,"template":"","format":"standard","meta":{"footnotes":""},"categories":[20,13,18],"tags":[],"class_list":{"0":"post-1568","1":"post","2":"type-post","3":"status-publish","4":"format-standard","6":"category-cultura","7":"category-estado-de-mexico","8":"category-nacional"},"_links":{"self":[{"href":"https:\/\/foro1025.mx\/index.php?rest_route=\/wp\/v2\/posts\/1568","targetHints":{"allow":["GET"]}}],"collection":[{"href":"https:\/\/foro1025.mx\/index.php?rest_route=\/wp\/v2\/posts"}],"about":[{"href":"https:\/\/foro1025.mx\/index.php?rest_route=\/wp\/v2\/types\/post"}],"author":[{"embeddable":true,"href":"https:\/\/foro1025.mx\/index.php?rest_route=\/wp\/v2\/users\/1"}],"replies":[{"embeddable":true,"href":"https:\/\/foro1025.mx\/index.php?rest_route=%2Fwp%2Fv2%2Fcomments&post=1568"}],"version-history":[{"count":2,"href":"https:\/\/foro1025.mx\/index.php?rest_route=\/wp\/v2\/posts\/1568\/revisions"}],"predecessor-version":[{"id":1572,"href":"https:\/\/foro1025.mx\/index.php?rest_route=\/wp\/v2\/posts\/1568\/revisions\/1572"}],"wp:attachment":[{"href":"https:\/\/foro1025.mx\/index.php?rest_route=%2Fwp%2Fv2%2Fmedia&parent=1568"}],"wp:term":[{"taxonomy":"category","embeddable":true,"href":"https:\/\/foro1025.mx\/index.php?rest_route=%2Fwp%2Fv2%2Fcategories&post=1568"},{"taxonomy":"post_tag","embeddable":true,"href":"https:\/\/foro1025.mx\/index.php?rest_route=%2Fwp%2Fv2%2Ftags&post=1568"}],"curies":[{"name":"wp","href":"https:\/\/api.w.org\/{rel}","templated":true}]}}