{"id":157,"date":"2016-04-04T15:10:25","date_gmt":"2016-04-04T20:10:25","guid":{"rendered":"https:\/\/foro1025.mx\/?p=157"},"modified":"2016-04-04T15:10:25","modified_gmt":"2016-04-04T20:10:25","slug":"huixquilucan-convoca-a-jovenes-para-concurso-de-diseno","status":"publish","type":"post","link":"https:\/\/foro1025.mx\/?p=157","title":{"rendered":"Huixquilucan convoca a j\u00f3venes para concurso de dise\u00f1o."},"content":{"rendered":"<p class=\"p1\">Con el prop\u00f3sito impulsar las capacidades art\u00edsticas y creativas de la juventud, el ayuntamiento de Huixquilucan, a trav\u00e9s de la Direcci\u00f3n General de Desarrollo Social y la subdirecci\u00f3n de Atenci\u00f3n a la Juventud, convoca a personas de entre 15 y 29 a\u00f1os de edad, a participar en el concurso de dise\u00f1o \u201cJ\u00f3venes Moviendo Huixquilucan\u201d.<\/p>\n<p class=\"p1\">De acuerdo con la convocatoria, las propuestas deber\u00e1n ser originales e in\u00e9ditas; a color y pueden estar acompa\u00f1adas de alguna leyenda. La participaci\u00f3n podr\u00e1 ser de manera individual o en grupo, m\u00e1ximo cuatro personas; los participantes pueden utilizar temas y valores como: la inclusi\u00f3n social, la familia, el respeto, la tolerancia y la diversidad de g\u00e9nero para la realizaci\u00f3n de su dise\u00f1o.<\/p>\n<p class=\"p1\">El plazo para entregar los trabajos vence el pr\u00f3ximo lunes 11 de abril y deber\u00e1n ser enviados en formato png, jpg o pdf al correo electr\u00f3nico <a href=\"mailto:subjuventud16@gmail.com\">subjuventud16@gmail.com<\/a>. El dise\u00f1o ganador se convertir\u00e1 en la imagen institucional de la subdirecci\u00f3n de Atenci\u00f3n a la Juventud de Huixquilucan durante el periodo 2016-2018; en tanto que su autor recibir\u00e1 una laptop.<\/p>\n<p class=\"p1\"><img loading=\"lazy\" decoding=\"async\" class=\"wp-image-158 aligncenter\" src=\"https:\/\/foro1025.mx\/wp-content\/uploads\/2016\/04\/204-300x300.jpg\" alt=\"204\" width=\"492\" height=\"492\" \/><\/p>\n","protected":false},"excerpt":{"rendered":"<div class=\"mh-excerpt\"><p>Con el prop\u00f3sito impulsar las capacidades art\u00edsticas y creativas de la juventud, el ayuntamiento de <a class=\"mh-excerpt-more\" href=\"https:\/\/foro1025.mx\/?p=157\" title=\"Huixquilucan convoca a j\u00f3venes para concurso de dise\u00f1o.\">&#8230;<\/a><\/p>\n<\/div>","protected":false},"author":1,"featured_media":0,"comment_status":"open","ping_status":"open","sticky":false,"template":"","format":"standard","meta":{"footnotes":""},"categories":[17],"tags":[],"class_list":{"0":"post-157","1":"post","2":"type-post","3":"status-publish","4":"format-standard","6":"category-huixquilucan"},"_links":{"self":[{"href":"https:\/\/foro1025.mx\/index.php?rest_route=\/wp\/v2\/posts\/157","targetHints":{"allow":["GET"]}}],"collection":[{"href":"https:\/\/foro1025.mx\/index.php?rest_route=\/wp\/v2\/posts"}],"about":[{"href":"https:\/\/foro1025.mx\/index.php?rest_route=\/wp\/v2\/types\/post"}],"author":[{"embeddable":true,"href":"https:\/\/foro1025.mx\/index.php?rest_route=\/wp\/v2\/users\/1"}],"replies":[{"embeddable":true,"href":"https:\/\/foro1025.mx\/index.php?rest_route=%2Fwp%2Fv2%2Fcomments&post=157"}],"version-history":[{"count":1,"href":"https:\/\/foro1025.mx\/index.php?rest_route=\/wp\/v2\/posts\/157\/revisions"}],"predecessor-version":[{"id":159,"href":"https:\/\/foro1025.mx\/index.php?rest_route=\/wp\/v2\/posts\/157\/revisions\/159"}],"wp:attachment":[{"href":"https:\/\/foro1025.mx\/index.php?rest_route=%2Fwp%2Fv2%2Fmedia&parent=157"}],"wp:term":[{"taxonomy":"category","embeddable":true,"href":"https:\/\/foro1025.mx\/index.php?rest_route=%2Fwp%2Fv2%2Fcategories&post=157"},{"taxonomy":"post_tag","embeddable":true,"href":"https:\/\/foro1025.mx\/index.php?rest_route=%2Fwp%2Fv2%2Ftags&post=157"}],"curies":[{"name":"wp","href":"https:\/\/api.w.org\/{rel}","templated":true}]}}