{"id":15747,"date":"2021-08-23T14:59:08","date_gmt":"2021-08-23T19:59:08","guid":{"rendered":"https:\/\/foro1025.mx\/?p=15747"},"modified":"2021-08-23T14:59:08","modified_gmt":"2021-08-23T19:59:08","slug":"coacalco-concluye-la-vacunacion-de-personas-de-40-a-49-anos-de-edad-e-inicia-con-el-sector-de-30-a-39-anos","status":"publish","type":"post","link":"https:\/\/foro1025.mx\/?p=15747","title":{"rendered":"Coacalco concluye la vacunaci\u00f3n de personas de 40 a 49 a\u00f1os de edad e inicia con el sector de 30 a 39 a\u00f1os"},"content":{"rendered":"<p class=\"p3\"><i>&#8211; Se aplic\u00f3 la segunda dosis a *poco m\u00e1s de 30 mil* coacalquenses, quienes ahora ya tienen su esquema completo contra el Covid-19<\/i><\/p>\n<p class=\"p3\"><i>&#8211; Del viernes 20 hasta el lunes 22 de agosto se vacunar\u00e1, con la segunda dosis, a las personas de entre 30 y 39 a\u00f1os<\/i><\/p>\n<p class=\"p3\">Coacalco suma ya tres grupos poblacionales con su esquema completo de vacunaci\u00f3n contra el Covid-19, luego de que concluyera la jornada en la que se aplic\u00f3 la segunda dosis a personas de entre 40 y 49 a\u00f1os de edad.<\/p>\n<p class=\"p3\">De esta manera, este sector de la poblaci\u00f3n se suma a los adultos mayores de 60 a\u00f1os y a los de 50 a 59 a\u00f1os de edad, quienes ya recibieron ambas dosis del biol\u00f3gico.<\/p>\n<p class=\"p3\">Durante estos cuatro d\u00edas de jornada de vacunaci\u00f3n, tanto en Cabecera Municipal como en la C\u00ednica 198 del IMSS, en San Rafael, se dieron cita *poco m\u00e1s de 30 mil* coacalquenses que de manera responsable cumplieron con esta acci\u00f3n que, sin duda, ayudar\u00e1 a mitigar los contagios entre la poblaci\u00f3n.<\/p>\n<p class=\"p3\">Este viernes 20 de agosto comenzar\u00e1 la aplicaci\u00f3n de la segunda dosis del biol\u00f3gico de Sinovac a personas de entre 30 y 39 a\u00f1os de a\u00f1os, as\u00ed como a toda la ciudadan\u00eda que recibi\u00f3 la primera vacuna entre el 19 y 22 de julio.<\/p>\n<p class=\"p3\">Para ello, se mantendr\u00e1n habilitadas ambas sedes: Cabecera y Cl\u00ednica 198 del IMSS con un horario de 9 a<span class=\"Apple-converted-space\">\u00a0 <\/span>17 horas.<\/p>\n<p class=\"p3\">Es importante que las y los coacalquenses acudan con el formato de registro con c\u00f3digo QR para la segunda dosis impreso y lleno, tal\u00f3n de la primera vacuna, INE, CURP y comprobante de domicilio.<\/p>\n<p class=\"p3\">La vacunaci\u00f3n se realizar\u00e1 de acuerdo a la inicial del apellido paterno: viernes 20 de agosto para la letra A, B ,C, D y E; s\u00e1bado 21, F, G, H, I, J y K; domingo 22, L, M, N, \u00d1, O, P y Q, mientras el lunes 23 se atender\u00e1 a los de la letra R, S, T, V, W, X, Y y Z.<\/p>\n<p class=\"p3\">El gobierno municipal hace un llamado a la poblaci\u00f3n a no bajar la guardia y mantener las medidas sanitarias en todo momento, como lo son el uso de cubrebocas y gel antibacterial, guardar la sana distancia, evitar reuniones sociales y acudir a vacunarse.<\/p>\n","protected":false},"excerpt":{"rendered":"<div class=\"mh-excerpt\"><p>&#8211; Se aplic\u00f3 la segunda dosis a *poco m\u00e1s de 30 mil* coacalquenses, quienes ahora <a class=\"mh-excerpt-more\" href=\"https:\/\/foro1025.mx\/?p=15747\" title=\"Coacalco concluye la vacunaci\u00f3n de personas de 40 a 49 a\u00f1os de edad e inicia con el sector de 30 a 39 a\u00f1os\">&#8230;<\/a><\/p>\n<\/div>","protected":false},"author":1,"featured_media":0,"comment_status":"closed","ping_status":"closed","sticky":false,"template":"","format":"standard","meta":{"footnotes":""},"categories":[7,25],"tags":[],"class_list":{"0":"post-15747","1":"post","2":"type-post","3":"status-publish","4":"format-standard","6":"category-coacalco","7":"category-salud-y-ciencia"},"_links":{"self":[{"href":"https:\/\/foro1025.mx\/index.php?rest_route=\/wp\/v2\/posts\/15747","targetHints":{"allow":["GET"]}}],"collection":[{"href":"https:\/\/foro1025.mx\/index.php?rest_route=\/wp\/v2\/posts"}],"about":[{"href":"https:\/\/foro1025.mx\/index.php?rest_route=\/wp\/v2\/types\/post"}],"author":[{"embeddable":true,"href":"https:\/\/foro1025.mx\/index.php?rest_route=\/wp\/v2\/users\/1"}],"replies":[{"embeddable":true,"href":"https:\/\/foro1025.mx\/index.php?rest_route=%2Fwp%2Fv2%2Fcomments&post=15747"}],"version-history":[{"count":1,"href":"https:\/\/foro1025.mx\/index.php?rest_route=\/wp\/v2\/posts\/15747\/revisions"}],"predecessor-version":[{"id":15749,"href":"https:\/\/foro1025.mx\/index.php?rest_route=\/wp\/v2\/posts\/15747\/revisions\/15749"}],"wp:attachment":[{"href":"https:\/\/foro1025.mx\/index.php?rest_route=%2Fwp%2Fv2%2Fmedia&parent=15747"}],"wp:term":[{"taxonomy":"category","embeddable":true,"href":"https:\/\/foro1025.mx\/index.php?rest_route=%2Fwp%2Fv2%2Fcategories&post=15747"},{"taxonomy":"post_tag","embeddable":true,"href":"https:\/\/foro1025.mx\/index.php?rest_route=%2Fwp%2Fv2%2Ftags&post=15747"}],"curies":[{"name":"wp","href":"https:\/\/api.w.org\/{rel}","templated":true}]}}