{"id":1576,"date":"2017-06-06T14:02:25","date_gmt":"2017-06-06T19:02:25","guid":{"rendered":"https:\/\/foro1025.mx\/?p=1576"},"modified":"2017-06-06T14:02:25","modified_gmt":"2017-06-06T19:02:25","slug":"previene-gobierno-de-ecatepec-accidentes-por-posible-caida-de-arboles","status":"publish","type":"post","link":"https:\/\/foro1025.mx\/?p=1576","title":{"rendered":"Previene gobierno de Ecatepec accidentes por posible ca\u00edda de \u00c1rboles"},"content":{"rendered":"<p id=\"yui_3_16_0_1_1496767550819_29261\" class=\"yiv6980460697MsoNormal\" style=\"text-align: left;\" align=\"center\"><strong>\u00a0<span id=\"yui_3_16_0_1_1496767550819_29282\">Mediante la Direcci\u00f3n de Protecci\u00f3n Civil y Bomberos, en lo que va del a\u00f1o pod\u00f3 55 ejemplares para retirar ramas que representaban riesgo para la ciudadan\u00eda.<\/span><\/strong><\/p>\n<p class=\"yiv6980460697MsoNormal\" style=\"text-align: left;\" align=\"center\"><span id=\"yui_3_16_0_1_1496767550819_29287\">El Gobierno de Ecatepec, a trav\u00e9s de la Direcci\u00f3n de Protecci\u00f3n Civil y Bomberos, en lo que va del a\u00f1o pod\u00f3 55 \u00e1rboles en diversas colonias con el objetivo de retirar ramas que est\u00e1n a punto de caer y que obstruyen el cableado el\u00e9ctrico, lo cual contribuye a evitar alg\u00fan incidente en la v\u00eda p\u00fablica y resguardar la integridad de la poblaci\u00f3n.<\/span><\/p>\n<p class=\"yiv6980460697MsoNormal\" style=\"text-align: left;\" align=\"center\"><span id=\"yui_3_16_0_1_1496767550819_29290\">Indalecio R\u00edos Vel\u00e1zquez, presidente municipal, inform\u00f3 que las labores de retiro se llevaron a cabo en 23 comunidades, la mayor\u00eda por petici\u00f3n de la ciudadan\u00eda quien reporta a Protecci\u00f3n Civil la presencia de \u00e1rboles que representan alg\u00fan riesgo; adem\u00e1s, estas acciones coadyuvan en las medidas preventivas ante la llegada de la temporada de lluvias.<\/span><\/p>\n<p class=\"yiv6980460697MsoNormal\" style=\"text-align: left;\" align=\"center\"><span id=\"yui_3_16_0_1_1496767550819_29293\">\u201cAdelant\u00e1ndonos a las lluvias estamos atendiendo las peticiones de nuestros vecinos para podar los \u00e1rboles que representan un riesgo, ya sea porque est\u00e1n por caer o porque obstruyen los cables de energ\u00eda el\u00e9ctrica; adem\u00e1s, durante esta temporada se registran fuertes vientos que pueden provocar el derribo de \u00e1rboles secos o de grandes ramas, nuestro prop\u00f3sito es proteger a nuestros vecinos de alg\u00fan accidente\u201d, dijo el edil.<\/span><\/p>\n<p class=\"yiv6980460697MsoNormal\" style=\"text-align: left;\" align=\"center\"><span id=\"yui_3_16_0_1_1496767550819_29295\">\u00a0Explic\u00f3 que en algunos casos, cables de alta tensi\u00f3n quedan enredados entre las ramas, por lo que el gobierno municipal cuenta con el equipo y personal capacitado para realizar los trabajos necesarios y evitar que ocasionen un corte en el servicio el\u00e9ctrico o lesiones a las personas.<\/span><\/p>\n<p class=\"yiv6980460697MsoNormal\" style=\"text-align: left;\" align=\"center\"><span id=\"yui_3_16_0_1_1496767550819_29298\">R\u00edos Vel\u00e1zquez dijo que los trabajos de poda los realizaron en avenidas como Recursos Hidr\u00e1ulicos y Adolfo L\u00f3pez Mateos, adem\u00e1s de colonias como Luis Donaldo Colosio, Chamizal, Jardines de Casa Nueva, Miguel Hidalgo, Jardines del Tepeyac, Jardines de Morelos, San Francisco Xalostoc y Villas de Guadalupe Xalostoc, entre otros puntos.<\/span><\/p>\n<p class=\"yiv6980460697MsoNormal\" style=\"text-align: left;\" align=\"center\"><span id=\"yui_3_16_0_1_1496767550819_29300\">Puntualiz\u00f3 que los trabajadores trasladan el generado de las podas al Vivero Municipal, ubicado en el Parque Ecol\u00f3gico Eh\u00e9catl, con el objetivo de convertirlo en composta que nutre la vegetaci\u00f3n de parques y camellones de la localidad.<\/span><\/p>\n<p class=\"yiv6980460697MsoNormal\" style=\"text-align: left;\" align=\"center\"><span id=\"yui_3_16_0_1_1496767550819_29302\">Para contribuir con el cuidado del medio ambiente y reducir los efectos de la contaminaci\u00f3n, el gobierno local ha plantado 14 mil \u00e1rboles en el municipio; adem\u00e1s, para este a\u00f1o est\u00e1 programada la forestaci\u00f3n de las zonas de Cerro Gordo y Xalostoc con la plantaci\u00f3n de 10 mil abetos.<\/span><\/p>\n<p class=\"yiv6980460697MsoNormal\" style=\"text-align: left;\" align=\"center\">\u00a0En caso de riesgo la ciudadan\u00eda puede comunicarse al 5116 4415 y 4416 de la Direcci\u00f3n de Protecci\u00f3n Civil y Bomberos o al 5116 74 28 al 32 del Centro de Mando de la localidad.<\/p>\n","protected":false},"excerpt":{"rendered":"<div class=\"mh-excerpt\"><p>\u00a0Mediante la Direcci\u00f3n de Protecci\u00f3n Civil y Bomberos, en lo que va del a\u00f1o pod\u00f3 <a class=\"mh-excerpt-more\" href=\"https:\/\/foro1025.mx\/?p=1576\" title=\"Previene gobierno de Ecatepec accidentes por posible ca\u00edda de \u00c1rboles\">&#8230;<\/a><\/p>\n<\/div>","protected":false},"author":1,"featured_media":0,"comment_status":"open","ping_status":"open","sticky":false,"template":"","format":"standard","meta":{"footnotes":""},"categories":[11],"tags":[],"class_list":{"0":"post-1576","1":"post","2":"type-post","3":"status-publish","4":"format-standard","6":"category-ecatepec"},"_links":{"self":[{"href":"https:\/\/foro1025.mx\/index.php?rest_route=\/wp\/v2\/posts\/1576","targetHints":{"allow":["GET"]}}],"collection":[{"href":"https:\/\/foro1025.mx\/index.php?rest_route=\/wp\/v2\/posts"}],"about":[{"href":"https:\/\/foro1025.mx\/index.php?rest_route=\/wp\/v2\/types\/post"}],"author":[{"embeddable":true,"href":"https:\/\/foro1025.mx\/index.php?rest_route=\/wp\/v2\/users\/1"}],"replies":[{"embeddable":true,"href":"https:\/\/foro1025.mx\/index.php?rest_route=%2Fwp%2Fv2%2Fcomments&post=1576"}],"version-history":[{"count":1,"href":"https:\/\/foro1025.mx\/index.php?rest_route=\/wp\/v2\/posts\/1576\/revisions"}],"predecessor-version":[{"id":1578,"href":"https:\/\/foro1025.mx\/index.php?rest_route=\/wp\/v2\/posts\/1576\/revisions\/1578"}],"wp:attachment":[{"href":"https:\/\/foro1025.mx\/index.php?rest_route=%2Fwp%2Fv2%2Fmedia&parent=1576"}],"wp:term":[{"taxonomy":"category","embeddable":true,"href":"https:\/\/foro1025.mx\/index.php?rest_route=%2Fwp%2Fv2%2Fcategories&post=1576"},{"taxonomy":"post_tag","embeddable":true,"href":"https:\/\/foro1025.mx\/index.php?rest_route=%2Fwp%2Fv2%2Ftags&post=1576"}],"curies":[{"name":"wp","href":"https:\/\/api.w.org\/{rel}","templated":true}]}}