{"id":1617,"date":"2017-06-09T12:26:43","date_gmt":"2017-06-09T17:26:43","guid":{"rendered":"https:\/\/foro1025.mx\/?p=1617"},"modified":"2017-06-09T12:27:13","modified_gmt":"2017-06-09T17:27:13","slug":"huixquilucan-realizara-audiometrias-gratuitas-en-la-explanada-municipal","status":"publish","type":"post","link":"https:\/\/foro1025.mx\/?p=1617","title":{"rendered":"Huixquilucan, realizar\u00e1 audiometr\u00edas gratuitas en la explanada municipal"},"content":{"rendered":"<p class=\"p1\"><b>En Mont\u00f3n Cuarteles se llevar\u00e1 a cabo la Jornada de \u201cDesarrollo Comunitario\u00bb<\/b><\/p>\n<p class=\"p1\">El Ayuntamiento de Huixquilucan, a trav\u00e9s de la Direcci\u00f3n de Desarrollo Social hace una cordial invitaci\u00f3n para que padres de familia con ni\u00f1os con discapacidad auditiva asistan este domingo 11 de junio a la explanada municipal, en donde se realizar\u00e1n audiometr\u00edas, cortes de cabello y lentes.<\/p>\n<p class=\"p1\">Con la participaci\u00f3n del Sistema Municipal para el Desarrollo Integral de la Familia (DIF) en coordinaci\u00f3n con \u201cFuerza de Ayuda para Transformar tu Vida A.C\u201d, se realizar\u00e1n sin costo audiometr\u00edas a los menores y en caso de ser necesario se les apoyar\u00e1 para que obtengan un aparato auditivo; en tanto que los ex\u00e1menes de la vista tambi\u00e9n ser\u00e1n gratuitos y los lentes oftalmol\u00f3gicos tendr\u00e1n costos accesibles.<\/p>\n<p class=\"p1\">Cabe se\u00f1alar que los ni\u00f1os diagnosticados podr\u00e1n ser remitidos al Centro de Rehabilitaci\u00f3n Integral y Social (CRIS), para que ah\u00ed puedan comenzar sus tratamientos.<\/p>\n<p class=\"p1\">Desde las once de la ma\u00f1ana, los peque\u00f1os y sus familias podr\u00e1n disfrutar gratuitamente de show de payasos, luchadores, pastel, gelatinas, jugos entre otras sorpresas.<\/p>\n<p class=\"p1\">Tambi\u00e9n este domingo, en el deportivo Paola Longoria, en la colonia de Mont\u00f3n Cuarteles se realizar\u00e1 la Jornada de \u201cDesarrollo Comunitario\u201d, a partir de las once de la ma\u00f1ana, en donde habr\u00e1 talleres educativos, en salud bucal, cultural y social.<\/p>\n<p class=\"p1\">El acceso ser\u00e1 gratuito y contar\u00e1 con la participaci\u00f3n del Colegio ATID.<\/p>\n","protected":false},"excerpt":{"rendered":"<div class=\"mh-excerpt\"><p>En Mont\u00f3n Cuarteles se llevar\u00e1 a cabo la Jornada de \u201cDesarrollo Comunitario\u00bb El Ayuntamiento de <a class=\"mh-excerpt-more\" href=\"https:\/\/foro1025.mx\/?p=1617\" title=\"Huixquilucan, realizar\u00e1 audiometr\u00edas gratuitas en la explanada municipal\">&#8230;<\/a><\/p>\n<\/div>","protected":false},"author":1,"featured_media":0,"comment_status":"open","ping_status":"open","sticky":false,"template":"","format":"standard","meta":{"footnotes":""},"categories":[17,25],"tags":[],"class_list":{"0":"post-1617","1":"post","2":"type-post","3":"status-publish","4":"format-standard","6":"category-huixquilucan","7":"category-salud-y-ciencia"},"_links":{"self":[{"href":"https:\/\/foro1025.mx\/index.php?rest_route=\/wp\/v2\/posts\/1617","targetHints":{"allow":["GET"]}}],"collection":[{"href":"https:\/\/foro1025.mx\/index.php?rest_route=\/wp\/v2\/posts"}],"about":[{"href":"https:\/\/foro1025.mx\/index.php?rest_route=\/wp\/v2\/types\/post"}],"author":[{"embeddable":true,"href":"https:\/\/foro1025.mx\/index.php?rest_route=\/wp\/v2\/users\/1"}],"replies":[{"embeddable":true,"href":"https:\/\/foro1025.mx\/index.php?rest_route=%2Fwp%2Fv2%2Fcomments&post=1617"}],"version-history":[{"count":2,"href":"https:\/\/foro1025.mx\/index.php?rest_route=\/wp\/v2\/posts\/1617\/revisions"}],"predecessor-version":[{"id":1620,"href":"https:\/\/foro1025.mx\/index.php?rest_route=\/wp\/v2\/posts\/1617\/revisions\/1620"}],"wp:attachment":[{"href":"https:\/\/foro1025.mx\/index.php?rest_route=%2Fwp%2Fv2%2Fmedia&parent=1617"}],"wp:term":[{"taxonomy":"category","embeddable":true,"href":"https:\/\/foro1025.mx\/index.php?rest_route=%2Fwp%2Fv2%2Fcategories&post=1617"},{"taxonomy":"post_tag","embeddable":true,"href":"https:\/\/foro1025.mx\/index.php?rest_route=%2Fwp%2Fv2%2Ftags&post=1617"}],"curies":[{"name":"wp","href":"https:\/\/api.w.org\/{rel}","templated":true}]}}