{"id":1621,"date":"2017-06-09T12:50:45","date_gmt":"2017-06-09T17:50:45","guid":{"rendered":"https:\/\/foro1025.mx\/?p=1621"},"modified":"2017-06-09T12:52:06","modified_gmt":"2017-06-09T17:52:06","slug":"jovenes-de-ecatepec-destacados-deportistas-a-nivel-internacional","status":"publish","type":"post","link":"https:\/\/foro1025.mx\/?p=1621","title":{"rendered":"J\u00f3venes de Ecatepec, destacados deportistas a nivel internacional"},"content":{"rendered":"<p id=\"yui_3_16_0_1_1497027850543_12199\" class=\"yiv9849011640MsoNormal\" style=\"text-align: left;\"><span id=\"yui_3_16_0_1_1497027850543_12198\">Jennifer Chantal Muci\u00f1o, originaria de Ecatepec, tiene 14 a\u00f1os y actualmente ocupa el primer lugar a nivel mundial \u00a0en el campeonato internacional de tiro con arco \u201cGran Prix\u201d; adem\u00e1s en mayo pasado gan\u00f3 la Olimpiada Nacional Juvenil en la misma disciplina.<\/span><\/p>\n<p class=\"yiv9849011640MsoNormal\" style=\"text-align: left;\"><span id=\"yui_3_16_0_1_1497027850543_12201\">La joven se prepara en el Centro Nacional de Alto Rendimiento Deportivo del Estado de M\u00e9xico (CENARD) para competir en los pr\u00f3ximos Juegos Ol\u00edmpicos a celebrarse en Tokio, Jap\u00f3n en el 2020; con esta muestra de talento y disciplina, esta nueva promesa del deporte se posiciona como un ejemplo a seguir para la juventud ecatepequense.<\/span><\/p>\n<p class=\"yiv9849011640MsoNormal\" style=\"text-align: left;\"><span id=\"yui_3_16_0_1_1497027850543_11691\">Otro modelo de entrega y pasi\u00f3n por el deporte es Gustavo Isaac Mendoza Cruz, joven destacado en Atletismo Vertical, originario de Ecatepec ha participado en maratones nacionales e internacionales coloc\u00e1ndose dentro de los cinco mejores atletas en esta categor\u00eda; en pr\u00f3ximos d\u00edas viajar\u00e1 a China para participar en el Towerruning\u00a0 World Champion Ships, por lo que el gobierno municipal brindar\u00e1 el apoyo necesario para que pueda realizar su viaje y participar en dicha competencia.<\/span><\/p>\n<p class=\"yiv9849011640MsoNormal\" style=\"text-align: left;\"><span id=\"yui_3_16_0_1_1497027850543_11693\">Para impulsar el talento deportivo que existe en el municipio, el gobierno municipal promueve la captaci\u00f3n y apoyo a j\u00f3venes que practiquen actividades f\u00edsicas, adem\u00e1s de brindarles espacios y herramientas para que destaquen en sus respectivas disciplinas.<\/span><\/p>\n<p><img loading=\"lazy\" decoding=\"async\" class=\"aligncenter size-large wp-image-1624\" src=\"https:\/\/foro1025.mx\/wp-content\/uploads\/2017\/06\/3BOL.-80-ECATEPEC-2-1024x786.jpg\" alt=\"\" width=\"676\" height=\"519\" \/><\/p>\n<p class=\"yiv9849011640MsoNormal\" style=\"text-align: left;\"><span id=\"yui_3_16_0_1_1497027850543_12206\">Indalecio R\u00edos Vel\u00e1zquez, presidente municipal, inform\u00f3 que mediante la Direcci\u00f3n de Cultura, Deporte y Desarrollo Humano, la administraci\u00f3n local brinda apoyo en cuanto a espacios de entrenamiento y herramientas deportivas para incentivar a los j\u00f3venes atletas y coadyuvar a un desarrollo sano.<\/span><\/p>\n<p class=\"yiv9849011640MsoNormal\" style=\"text-align: left;\"><span id=\"yui_3_16_0_1_1497027850543_12209\">Destac\u00f3 que actualmente la administraci\u00f3n local promueve actividades como futbol, hockey sobre pasto, basquetbol y actividades art\u00edsticas como danza y teatro, entre otras, fortaleciendo con ello la confianza y talento de los j\u00f3venes, principalmente en las instalaciones del Deportivo Valle de Santiago y del Centro Cultural y Deportivo Las Am\u00e9ricas.<\/span><\/p>\n<p class=\"yiv9849011640MsoNormal\" style=\"text-align: left;\"><span id=\"yui_3_16_0_1_1497027850543_12212\">Agreg\u00f3 que con ejemplos de estos destacados deportistas se espera que m\u00e1s j\u00f3venes ecatepequenses practiquen o descubran su talento e inter\u00e9s por alguna disciplina y representar con orgullo sus ra\u00edces.<\/span><\/p>\n<p class=\"yiv9849011640MsoNormal\" style=\"text-align: left;\"><span id=\"yui_3_16_0_1_1497027850543_12215\">Los interesados en las actividades con las que cuenta el gobierno municipal pueden acudir a las oficinas de la Direcci\u00f3n de Cultura, Deporte y Desarrollo Humano de Ecatepec, ubicada en el segundo piso de Palacio Municipal \u00a0o comunicarse al 5836 1500 extensi\u00f3n 801.\u00a0<\/span><\/p>\n<p><img loading=\"lazy\" decoding=\"async\" class=\"size-large wp-image-1623\" src=\"https:\/\/foro1025.mx\/wp-content\/uploads\/2017\/06\/2BOL.-80-ECATEPEC-4-1024x681.jpg\" alt=\"\" width=\"676\" height=\"450\" \/><\/p>\n","protected":false},"excerpt":{"rendered":"<div class=\"mh-excerpt\"><p>Jennifer Chantal Muci\u00f1o, originaria de Ecatepec, tiene 14 a\u00f1os y actualmente ocupa el primer lugar <a class=\"mh-excerpt-more\" href=\"https:\/\/foro1025.mx\/?p=1621\" title=\"J\u00f3venes de Ecatepec, destacados deportistas a nivel internacional\">&#8230;<\/a><\/p>\n<\/div>","protected":false},"author":1,"featured_media":0,"comment_status":"open","ping_status":"open","sticky":false,"template":"","format":"standard","meta":{"footnotes":""},"categories":[11],"tags":[],"class_list":{"0":"post-1621","1":"post","2":"type-post","3":"status-publish","4":"format-standard","6":"category-ecatepec"},"_links":{"self":[{"href":"https:\/\/foro1025.mx\/index.php?rest_route=\/wp\/v2\/posts\/1621","targetHints":{"allow":["GET"]}}],"collection":[{"href":"https:\/\/foro1025.mx\/index.php?rest_route=\/wp\/v2\/posts"}],"about":[{"href":"https:\/\/foro1025.mx\/index.php?rest_route=\/wp\/v2\/types\/post"}],"author":[{"embeddable":true,"href":"https:\/\/foro1025.mx\/index.php?rest_route=\/wp\/v2\/users\/1"}],"replies":[{"embeddable":true,"href":"https:\/\/foro1025.mx\/index.php?rest_route=%2Fwp%2Fv2%2Fcomments&post=1621"}],"version-history":[{"count":2,"href":"https:\/\/foro1025.mx\/index.php?rest_route=\/wp\/v2\/posts\/1621\/revisions"}],"predecessor-version":[{"id":1626,"href":"https:\/\/foro1025.mx\/index.php?rest_route=\/wp\/v2\/posts\/1621\/revisions\/1626"}],"wp:attachment":[{"href":"https:\/\/foro1025.mx\/index.php?rest_route=%2Fwp%2Fv2%2Fmedia&parent=1621"}],"wp:term":[{"taxonomy":"category","embeddable":true,"href":"https:\/\/foro1025.mx\/index.php?rest_route=%2Fwp%2Fv2%2Fcategories&post=1621"},{"taxonomy":"post_tag","embeddable":true,"href":"https:\/\/foro1025.mx\/index.php?rest_route=%2Fwp%2Fv2%2Ftags&post=1621"}],"curies":[{"name":"wp","href":"https:\/\/api.w.org\/{rel}","templated":true}]}}