{"id":166,"date":"2016-04-04T15:17:29","date_gmt":"2016-04-04T20:17:29","guid":{"rendered":"https:\/\/foro1025.mx\/?p=166"},"modified":"2016-04-04T15:17:29","modified_gmt":"2016-04-04T20:17:29","slug":"ana-balderas-brinda-capacitacion-a-servidores-publicos","status":"publish","type":"post","link":"https:\/\/foro1025.mx\/?p=166","title":{"rendered":"Ana Balderas brinda capacitaci\u00f3n a servidores p\u00fablicos."},"content":{"rendered":"<p class=\"p1\">Por Alan de la Cruz<\/p>\n<p class=\"p1\">Atizap\u00e1n de Zaragoza.- Como parte del compromiso adquirido por la presidenta Municipal Ana Mar\u00eda Balderas Trejo, con los ciudadanos de esta demarcaci\u00f3n, se llevan a cabo acciones encaminadas a la concientizaci\u00f3n de los servidores p\u00fablicos con la finalidad de que brinden una atenci\u00f3n eficiente y de respeto a los ciudadanos que acuden a realizar tr\u00e1mites ante el gobierno local.<\/p>\n<p class=\"p1\">Al asistir a la magna conferencia \u201cLa Funci\u00f3n Municipal e Inclusi\u00f3n de los Derechos Humanos\u201d, realizada en el patio central de palacio municipal,<span class=\"Apple-converted-space\">\u00a0 <\/span>la alcaldesa agradeci\u00f3 y felicit\u00f3 a la defensora municipal de los Derechos Humanos en Atizap\u00e1n, X\u00f3chitl Pilar Orozco Rocha.<\/p>\n<p class=\"p1\">Del mismo modo, Balderas Trejo destac\u00f3 la necesidad de tener conciencia de que los Derechos Humanos nos conciernen a todos sin distinci\u00f3n de credo, religi\u00f3n o raza, por lo que invit\u00f3 a los asistentes a trabajar con pasi\u00f3n y responsabilidad en la atenci\u00f3n que se brinda a los ciudadanos atizapenses.<\/p>\n<p class=\"p1\">En su oportunidad Jorge Alberto Cruz Valderrama, jefe del departamento de capacitaci\u00f3n para servidoras y servidores p\u00fablicos de la Convenci\u00f3n Nacional de Derechos Humanos, quien fue el encargado de impartir la conferencia, abund\u00f3 en la necesidad de sensibilizar en Derechos Humanos a los servidores p\u00fablicos, teniendo en cuenta que se hace un trabajo compartido con la sociedad.<\/p>\n<p class=\"p1\"><img loading=\"lazy\" decoding=\"async\" class=\"wp-image-167 aligncenter\" src=\"https:\/\/foro1025.mx\/wp-content\/uploads\/2016\/04\/203-300x200.jpg\" alt=\"203\" width=\"549\" height=\"366\" \/><\/p>\n","protected":false},"excerpt":{"rendered":"<div class=\"mh-excerpt\"><p>Por Alan de la Cruz Atizap\u00e1n de Zaragoza.- Como parte del compromiso adquirido por la <a class=\"mh-excerpt-more\" href=\"https:\/\/foro1025.mx\/?p=166\" title=\"Ana Balderas brinda capacitaci\u00f3n a servidores p\u00fablicos.\">&#8230;<\/a><\/p>\n<\/div>","protected":false},"author":1,"featured_media":0,"comment_status":"open","ping_status":"open","sticky":false,"template":"","format":"standard","meta":{"footnotes":""},"categories":[1],"tags":[],"class_list":{"0":"post-166","1":"post","2":"type-post","3":"status-publish","4":"format-standard","6":"category-atizapan"},"_links":{"self":[{"href":"https:\/\/foro1025.mx\/index.php?rest_route=\/wp\/v2\/posts\/166","targetHints":{"allow":["GET"]}}],"collection":[{"href":"https:\/\/foro1025.mx\/index.php?rest_route=\/wp\/v2\/posts"}],"about":[{"href":"https:\/\/foro1025.mx\/index.php?rest_route=\/wp\/v2\/types\/post"}],"author":[{"embeddable":true,"href":"https:\/\/foro1025.mx\/index.php?rest_route=\/wp\/v2\/users\/1"}],"replies":[{"embeddable":true,"href":"https:\/\/foro1025.mx\/index.php?rest_route=%2Fwp%2Fv2%2Fcomments&post=166"}],"version-history":[{"count":1,"href":"https:\/\/foro1025.mx\/index.php?rest_route=\/wp\/v2\/posts\/166\/revisions"}],"predecessor-version":[{"id":168,"href":"https:\/\/foro1025.mx\/index.php?rest_route=\/wp\/v2\/posts\/166\/revisions\/168"}],"wp:attachment":[{"href":"https:\/\/foro1025.mx\/index.php?rest_route=%2Fwp%2Fv2%2Fmedia&parent=166"}],"wp:term":[{"taxonomy":"category","embeddable":true,"href":"https:\/\/foro1025.mx\/index.php?rest_route=%2Fwp%2Fv2%2Fcategories&post=166"},{"taxonomy":"post_tag","embeddable":true,"href":"https:\/\/foro1025.mx\/index.php?rest_route=%2Fwp%2Fv2%2Ftags&post=166"}],"curies":[{"name":"wp","href":"https:\/\/api.w.org\/{rel}","templated":true}]}}