{"id":1694,"date":"2017-06-29T13:32:30","date_gmt":"2017-06-29T18:32:30","guid":{"rendered":"https:\/\/foro1025.mx\/?p=1694"},"modified":"2017-06-29T13:32:30","modified_gmt":"2017-06-29T18:32:30","slug":"detiene-ces-a-presunto-responsable-de-robo-con-violencia","status":"publish","type":"post","link":"https:\/\/foro1025.mx\/?p=1694","title":{"rendered":"Detiene CES a presunto responsable de robo con violencia"},"content":{"rendered":"<p class=\"p2\"><b>Texcaltitl\u00e1n, <\/b>Durante la implementaci\u00f3n de un operativo de seguridad, elementos de la Comisi\u00f3n Estatal de Seguridad Ciudadana (CES), detuvieron a una persona por su presunta relaci\u00f3n en el delito de robo con violencia, en contra de una persona que result\u00f3 herida por arma punzocortante.<\/p>\n<p class=\"p2\">Al patrullar por calles de la colonia Centro del municipio de Texcaltitl\u00e1n, una persona solicit\u00f3 el apoyo de los uniformados, indicando estar herida debido a que fue v\u00edctima de robo con violencia por parte de un grupo de sujetos que presuntamente portaban armas blancas, huyendo con rumbo desconocido.<\/p>\n<p class=\"p2\">Por tal motivo, los uniformados implementaron tareas de localizaci\u00f3n para dar con los presuntos asaltantes, encontrando a uno de ellos cuando caminaba calles adelante del sitio donde supuestamente se registr\u00f3 el delito.<\/p>\n<p class=\"p2\">Tras localizar a uno de los presuntos responsables y que fue identificado por la v\u00edctima, los uniformados lo revisaron de manera preventiva, encontrando entre sus pertenencias un cuchillo, procediendo a detener a Marco Antonio N., de 46 a\u00f1os de edad.<\/p>\n<p class=\"p2\">Por lo anterior, el detenido y el arma punzocortante fueron trasladados y puestos a disposici\u00f3n ante el Ministerio P\u00fablico donde se abri\u00f3 una carpeta de investigaci\u00f3n y determinar la situaci\u00f3n legal del implicado por el presunto delito de robo con violencia y lesiones en agravio de una persona, mientras que el herido fue trasladado al Hospital Regional Juan Aldama\u00a0\u00a0del ISEM, para ser atendido.<\/p>\n","protected":false},"excerpt":{"rendered":"<div class=\"mh-excerpt\"><p>Texcaltitl\u00e1n, Durante la implementaci\u00f3n de un operativo de seguridad, elementos de la Comisi\u00f3n Estatal de <a class=\"mh-excerpt-more\" href=\"https:\/\/foro1025.mx\/?p=1694\" title=\"Detiene CES a presunto responsable de robo con violencia\">&#8230;<\/a><\/p>\n<\/div>","protected":false},"author":1,"featured_media":0,"comment_status":"open","ping_status":"open","sticky":false,"template":"","format":"standard","meta":{"footnotes":""},"categories":[9],"tags":[],"class_list":{"0":"post-1694","1":"post","2":"type-post","3":"status-publish","4":"format-standard","6":"category-seguridad"},"_links":{"self":[{"href":"https:\/\/foro1025.mx\/index.php?rest_route=\/wp\/v2\/posts\/1694","targetHints":{"allow":["GET"]}}],"collection":[{"href":"https:\/\/foro1025.mx\/index.php?rest_route=\/wp\/v2\/posts"}],"about":[{"href":"https:\/\/foro1025.mx\/index.php?rest_route=\/wp\/v2\/types\/post"}],"author":[{"embeddable":true,"href":"https:\/\/foro1025.mx\/index.php?rest_route=\/wp\/v2\/users\/1"}],"replies":[{"embeddable":true,"href":"https:\/\/foro1025.mx\/index.php?rest_route=%2Fwp%2Fv2%2Fcomments&post=1694"}],"version-history":[{"count":1,"href":"https:\/\/foro1025.mx\/index.php?rest_route=\/wp\/v2\/posts\/1694\/revisions"}],"predecessor-version":[{"id":1696,"href":"https:\/\/foro1025.mx\/index.php?rest_route=\/wp\/v2\/posts\/1694\/revisions\/1696"}],"wp:attachment":[{"href":"https:\/\/foro1025.mx\/index.php?rest_route=%2Fwp%2Fv2%2Fmedia&parent=1694"}],"wp:term":[{"taxonomy":"category","embeddable":true,"href":"https:\/\/foro1025.mx\/index.php?rest_route=%2Fwp%2Fv2%2Fcategories&post=1694"},{"taxonomy":"post_tag","embeddable":true,"href":"https:\/\/foro1025.mx\/index.php?rest_route=%2Fwp%2Fv2%2Ftags&post=1694"}],"curies":[{"name":"wp","href":"https:\/\/api.w.org\/{rel}","templated":true}]}}