{"id":1698,"date":"2017-06-29T13:36:16","date_gmt":"2017-06-29T18:36:16","guid":{"rendered":"https:\/\/foro1025.mx\/?p=1698"},"modified":"2017-06-29T13:36:16","modified_gmt":"2017-06-29T18:36:16","slug":"toluca-conmemora-dia-mundial-de-toma-de-conciencia-del-abuso-y-maltrato-en-la-vejez","status":"publish","type":"post","link":"https:\/\/foro1025.mx\/?p=1698","title":{"rendered":"Toluca conmemora \u201cD\u00eda Mundial de Toma de Conciencia del Abuso y Maltrato en la Vejez\u201d"},"content":{"rendered":"<p class=\"p3\">Entre bailes folcl\u00f3ricos, regionales y ejercicios de yoga, que durante el presente mes se realizan en el marco del \u201cD\u00eda Mundial de Toma de Conciencia del Abuso y Maltrato en la Vejez\u201d, Do\u00f1a Paty disfrut\u00f3 junto con otros 500 abuelitos de las \u201cCasas de D\u00eda\u201d y Clubes de la Tercera Edad<span class=\"Apple-converted-space\">\u00a0 <\/span>de Toluca, de actividades en las que bailaron con sus mejores pasos, rieron a carcajadas e hicieron un llamado a las nuevas generaciones a apreciar su sabidur\u00eda y experiencia.<\/p>\n<p class=\"p3\">\u201cHoy me siento m\u00e1s joven que nunca, gracias a los talleres que promueve el Sistema DIF Municipal de Toluca no he dejado de aprender y ahora hasta tengo amigas y amigos de mi edad; agradezco esta festividad pensada para nosotros, es uno de los d\u00edas m\u00e1s felices de mi vida\u201d, coment\u00f3 emocionada hasta las l\u00e1grimas Do\u00f1a Paty, de 79 a\u00f1os.<\/p>\n<p class=\"p4\">De acuerdo a cifras del Instituto Nacional de Estad\u00edstica y Geograf\u00eda, en M\u00e9xico hay 10.1 millones de personas adultas mayores y 6 millones de hogares tienen a uno como jefe de familia, por lo que la administraci\u00f3n 2016-2018 promueve acciones en su beneficio, que impulsen un trato digno a este sector de la poblaci\u00f3n.<\/p>\n<p class=\"p4\">As\u00ed, en la celebraci\u00f3n, los homenajeados recibieron servicios gerontol\u00f3gicos, toma de signos vitales, masoterapia, auriculoterapia, as\u00ed como actividades l\u00fadicas recreativas distribuidas en siete diferentes stands de atenci\u00f3n.<\/p>\n<p class=\"p3\">El maltrato al adulto mayor es un problema de salud p\u00fablica, raz\u00f3n por la que el gobierno municipal exhorta a la poblaci\u00f3n a fomentar el respeto y cari\u00f1o hacia nuestros abuelitos, as\u00ed como la cultura de denuncia a todos aquellos que sean v\u00edctimas de maltrato dentro de sus n\u00facleos familiares.<\/p>\n","protected":false},"excerpt":{"rendered":"<div class=\"mh-excerpt\"><p>Entre bailes folcl\u00f3ricos, regionales y ejercicios de yoga, que durante el presente mes se realizan <a class=\"mh-excerpt-more\" href=\"https:\/\/foro1025.mx\/?p=1698\" title=\"Toluca conmemora \u201cD\u00eda Mundial de Toma de Conciencia del Abuso y Maltrato en la Vejez\u201d\">&#8230;<\/a><\/p>\n<\/div>","protected":false},"author":1,"featured_media":0,"comment_status":"open","ping_status":"open","sticky":false,"template":"","format":"standard","meta":{"footnotes":""},"categories":[12],"tags":[],"class_list":{"0":"post-1698","1":"post","2":"type-post","3":"status-publish","4":"format-standard","6":"category-toluca"},"_links":{"self":[{"href":"https:\/\/foro1025.mx\/index.php?rest_route=\/wp\/v2\/posts\/1698","targetHints":{"allow":["GET"]}}],"collection":[{"href":"https:\/\/foro1025.mx\/index.php?rest_route=\/wp\/v2\/posts"}],"about":[{"href":"https:\/\/foro1025.mx\/index.php?rest_route=\/wp\/v2\/types\/post"}],"author":[{"embeddable":true,"href":"https:\/\/foro1025.mx\/index.php?rest_route=\/wp\/v2\/users\/1"}],"replies":[{"embeddable":true,"href":"https:\/\/foro1025.mx\/index.php?rest_route=%2Fwp%2Fv2%2Fcomments&post=1698"}],"version-history":[{"count":1,"href":"https:\/\/foro1025.mx\/index.php?rest_route=\/wp\/v2\/posts\/1698\/revisions"}],"predecessor-version":[{"id":1700,"href":"https:\/\/foro1025.mx\/index.php?rest_route=\/wp\/v2\/posts\/1698\/revisions\/1700"}],"wp:attachment":[{"href":"https:\/\/foro1025.mx\/index.php?rest_route=%2Fwp%2Fv2%2Fmedia&parent=1698"}],"wp:term":[{"taxonomy":"category","embeddable":true,"href":"https:\/\/foro1025.mx\/index.php?rest_route=%2Fwp%2Fv2%2Fcategories&post=1698"},{"taxonomy":"post_tag","embeddable":true,"href":"https:\/\/foro1025.mx\/index.php?rest_route=%2Fwp%2Fv2%2Ftags&post=1698"}],"curies":[{"name":"wp","href":"https:\/\/api.w.org\/{rel}","templated":true}]}}