{"id":172,"date":"2016-04-04T15:20:48","date_gmt":"2016-04-04T20:20:48","guid":{"rendered":"https:\/\/foro1025.mx\/?p=172"},"modified":"2016-04-04T15:20:48","modified_gmt":"2016-04-04T20:20:48","slug":"se-exhibe-una-muestra-iconografica-en-el-ieem","status":"publish","type":"post","link":"https:\/\/foro1025.mx\/?p=172","title":{"rendered":"Se exhibe una muestra iconogr\u00e1fica en el IEEM."},"content":{"rendered":"<p class=\"p1\">Al continuar con la Exposici\u00f3n Temporal denominada \u201cEl IEEM en retrospectiva: 14 elecciones\u201d, en el Centro de Formaci\u00f3n y Documentaci\u00f3n Electoral del Instituto Electoral del Estado de M\u00e9xico se ha colocado una amplia iconograf\u00eda que registra diferentes momentos de la organizaci\u00f3n, desarrollo y vigilancia de los procesos electorales en la entidad.<\/p>\n<p class=\"p1\">En esta ocasi\u00f3n la Unidad de Comunicaci\u00f3n Social del IEEM, a trav\u00e9s de 32 im\u00e1genes, muestra un mosaico pluricultural, en el que hombres y mujeres mexiquenses han quedado plasmados a trav\u00e9s de la lente, configurando un universo posible, en el que quedan de manifiesto las diferentes acciones que el Instituto, con la participaci\u00f3n decidida de los ciudadanos ha emprendido durante 14 elecciones.<\/p>\n<p class=\"p1\">La muestra es complementada con un video en el que se hace una descripci\u00f3n de las acciones de mayor trascendencia durante las 14 elecciones, que deja de manifiesto la forma en que se ha construido nuestra democracia, adem\u00e1s de las actividades que han contribuido a informar a los ciudadanos, ya sea a trav\u00e9s de conferencias de prensa, debates entre candidatos o entrevistas.<\/p>\n<p class=\"p1\">La retrospectiva da un vistazo a la labor de autoridades y ciudadan\u00eda para conformar la b\u00fasqueda de la democracia, la cual se podr\u00e1 apreciar hasta el viernes 8 de abril del a\u00f1o en curso.<\/p>\n<p class=\"p1\"><img loading=\"lazy\" decoding=\"async\" class=\"wp-image-173 aligncenter\" src=\"https:\/\/foro1025.mx\/wp-content\/uploads\/2016\/04\/202-300x200.jpg\" alt=\"202\" width=\"617\" height=\"411\" \/><\/p>\n","protected":false},"excerpt":{"rendered":"<div class=\"mh-excerpt\"><p>Al continuar con la Exposici\u00f3n Temporal denominada \u201cEl IEEM en retrospectiva: 14 elecciones\u201d, en el <a class=\"mh-excerpt-more\" href=\"https:\/\/foro1025.mx\/?p=172\" title=\"Se exhibe una muestra iconogr\u00e1fica en el IEEM.\">&#8230;<\/a><\/p>\n<\/div>","protected":false},"author":1,"featured_media":0,"comment_status":"open","ping_status":"open","sticky":false,"template":"","format":"standard","meta":{"footnotes":""},"categories":[13],"tags":[],"class_list":{"0":"post-172","1":"post","2":"type-post","3":"status-publish","4":"format-standard","6":"category-estado-de-mexico"},"_links":{"self":[{"href":"https:\/\/foro1025.mx\/index.php?rest_route=\/wp\/v2\/posts\/172","targetHints":{"allow":["GET"]}}],"collection":[{"href":"https:\/\/foro1025.mx\/index.php?rest_route=\/wp\/v2\/posts"}],"about":[{"href":"https:\/\/foro1025.mx\/index.php?rest_route=\/wp\/v2\/types\/post"}],"author":[{"embeddable":true,"href":"https:\/\/foro1025.mx\/index.php?rest_route=\/wp\/v2\/users\/1"}],"replies":[{"embeddable":true,"href":"https:\/\/foro1025.mx\/index.php?rest_route=%2Fwp%2Fv2%2Fcomments&post=172"}],"version-history":[{"count":1,"href":"https:\/\/foro1025.mx\/index.php?rest_route=\/wp\/v2\/posts\/172\/revisions"}],"predecessor-version":[{"id":174,"href":"https:\/\/foro1025.mx\/index.php?rest_route=\/wp\/v2\/posts\/172\/revisions\/174"}],"wp:attachment":[{"href":"https:\/\/foro1025.mx\/index.php?rest_route=%2Fwp%2Fv2%2Fmedia&parent=172"}],"wp:term":[{"taxonomy":"category","embeddable":true,"href":"https:\/\/foro1025.mx\/index.php?rest_route=%2Fwp%2Fv2%2Fcategories&post=172"},{"taxonomy":"post_tag","embeddable":true,"href":"https:\/\/foro1025.mx\/index.php?rest_route=%2Fwp%2Fv2%2Ftags&post=172"}],"curies":[{"name":"wp","href":"https:\/\/api.w.org\/{rel}","templated":true}]}}