{"id":17486,"date":"2022-02-01T12:58:12","date_gmt":"2022-02-01T18:58:12","guid":{"rendered":"https:\/\/foro1025.mx\/?p=17486"},"modified":"2022-02-01T12:58:12","modified_gmt":"2022-02-01T18:58:12","slug":"convenio-intermunicipal-consolida-a-nicolas-romero-en-movilidad","status":"publish","type":"post","link":"https:\/\/foro1025.mx\/?p=17486","title":{"rendered":"Convenio intermunicipal consolida a Nicol\u00e1s Romero en movilidad"},"content":{"rendered":"<p class=\"p3\">El alcalde Armando Navarrete L\u00f3pez, suscribi\u00f3 junto con sus hom\u00f3logos de Cuautitl\u00e1n Izcalli, Atizap\u00e1n y Tlalnepantla, el convenio para el funcionamiento del Carril Reversible Intermunicipal.<\/p>\n<p class=\"p3\">El presidente municipal, asegur\u00f3 que la movilidad es un reto y encontramos que la mejor soluci\u00f3n era el Sistema de Gesti\u00f3n de Carriles Road Zipper.<\/p>\n<p class=\"p3\">Asimismo, Navarrete L\u00f3pez reconoci\u00f3 el total apoyo del gobernador Alfredo Del Mazo Maza, para hacer realidad la operaci\u00f3n del carril reversible en Nicol\u00e1s Romero,<\/p>\n<p class=\"p3\">Resalt\u00f3<span class=\"Apple-converted-space\">\u00a0 <\/span>la signa este acuerdo con los alcaldes de Tlalnepantla, Marco Antonio Rodr\u00edguez, Karla Fiesco, de Cuautitl\u00e1n Izcalli, as\u00ed como Pedro Rodr\u00edguez de Atizap\u00e1n, a quienes agradeci\u00f3 por su disposici\u00f3n para que cristalizara este acuerdo metropolitano.<\/p>\n<p class=\"p3\">El alcalde tlalnepantlense Marco Antonio Rodr\u00edguez, indic\u00f3 que el convenio intermunicipal del Road Zipper, significa una conectividad completa, \u201cde ah\u00ed que cuando el presidente Navarrete nos lo propuso, de inmediato dijimos que s\u00ed.\u201d<\/p>\n<p class=\"p3\">La alcaldesa izcallense Karla Fiesco, subray\u00f3 que la localidad que gobierna se adhiere al proyecto y reiter\u00f3 su inter\u00e9s de continuar trabajando en una agenda com\u00fan, con Nicol\u00e1s Romero.<\/p>\n<p class=\"p3\">Al acto acudieron tambi\u00e9n Christian Rodr\u00edguez Rodr\u00edguez, representante personal del mandatario estatal Alfredo Del Mazo Maza, Joaqu\u00edn Rodr\u00edguez Lugo, presidente del Colegio de Abogados del Estado de M\u00e9xico, diputados locales, integrantes del cabildo, funcionarios municipales y estatales.<\/p>\n","protected":false},"excerpt":{"rendered":"<div class=\"mh-excerpt\"><p>El alcalde Armando Navarrete L\u00f3pez, suscribi\u00f3 junto con sus hom\u00f3logos de Cuautitl\u00e1n Izcalli, Atizap\u00e1n y <a class=\"mh-excerpt-more\" href=\"https:\/\/foro1025.mx\/?p=17486\" title=\"Convenio intermunicipal consolida a Nicol\u00e1s Romero en movilidad\">&#8230;<\/a><\/p>\n<\/div>","protected":false},"author":1,"featured_media":0,"comment_status":"closed","ping_status":"closed","sticky":false,"template":"","format":"standard","meta":{"footnotes":""},"categories":[19],"tags":[],"class_list":{"0":"post-17486","1":"post","2":"type-post","3":"status-publish","4":"format-standard","6":"category-nicolas-romero"},"_links":{"self":[{"href":"https:\/\/foro1025.mx\/index.php?rest_route=\/wp\/v2\/posts\/17486","targetHints":{"allow":["GET"]}}],"collection":[{"href":"https:\/\/foro1025.mx\/index.php?rest_route=\/wp\/v2\/posts"}],"about":[{"href":"https:\/\/foro1025.mx\/index.php?rest_route=\/wp\/v2\/types\/post"}],"author":[{"embeddable":true,"href":"https:\/\/foro1025.mx\/index.php?rest_route=\/wp\/v2\/users\/1"}],"replies":[{"embeddable":true,"href":"https:\/\/foro1025.mx\/index.php?rest_route=%2Fwp%2Fv2%2Fcomments&post=17486"}],"version-history":[{"count":1,"href":"https:\/\/foro1025.mx\/index.php?rest_route=\/wp\/v2\/posts\/17486\/revisions"}],"predecessor-version":[{"id":17488,"href":"https:\/\/foro1025.mx\/index.php?rest_route=\/wp\/v2\/posts\/17486\/revisions\/17488"}],"wp:attachment":[{"href":"https:\/\/foro1025.mx\/index.php?rest_route=%2Fwp%2Fv2%2Fmedia&parent=17486"}],"wp:term":[{"taxonomy":"category","embeddable":true,"href":"https:\/\/foro1025.mx\/index.php?rest_route=%2Fwp%2Fv2%2Fcategories&post=17486"},{"taxonomy":"post_tag","embeddable":true,"href":"https:\/\/foro1025.mx\/index.php?rest_route=%2Fwp%2Fv2%2Ftags&post=17486"}],"curies":[{"name":"wp","href":"https:\/\/api.w.org\/{rel}","templated":true}]}}