{"id":175,"date":"2016-04-04T15:22:19","date_gmt":"2016-04-04T20:22:19","guid":{"rendered":"https:\/\/foro1025.mx\/?p=175"},"modified":"2016-04-04T15:22:19","modified_gmt":"2016-04-04T20:22:19","slug":"el-gobierno-federal-inauguro-el-agroparque-integradora-sukarne-lucero","status":"publish","type":"post","link":"https:\/\/foro1025.mx\/?p=175","title":{"rendered":"El gobierno federal inaugur\u00f3 el agroparque \u00abIntegradora SuKarne Lucero\u00bb."},"content":{"rendered":"<p class=\"p1\">\u00abM\u00e9xico es un pa\u00eds, que es hoy una potencia productora de alimentos; es un pa\u00eds que est\u00e1 creciendo y que se est\u00e1 convirtiendo tambi\u00e9n en una potencia exportadora de alimentos\u00bb, se\u00f1al\u00f3 el presidente de la Rep\u00fablica, Enrique Pe\u00f1a Nieto, en la inauguraci\u00f3n del Agroparque \u00abIntegradora Sukarne Lucero\u00bb, en el estado de Durango.<\/p>\n<p class=\"p1\">El Agroparque \u00abIntegradora Sukarne Lucero\u00bb es el complejo productor y procesador de carne m\u00e1s grande de M\u00e9xico y uno de los m\u00e1s din\u00e1micos y modernos del mundo; es un proyecto muy relevante dentro del sector primario y\u00a0de la actividad agropecuaria del pa\u00eds.<\/p>\n<p class=\"p1\">Con una inversi\u00f3n de cerca de 10 mil millones de<span class=\"Apple-converted-space\">\u00a0 <\/span>pesos, se crearon 6 mil empleos para Coahuila y Durango y se abrieron oportunidades de negocio para m\u00e1s de 18 mil productores agr\u00edcolas y ganaderos, con lo que se alcanzar\u00e1 una producci\u00f3n de 800 mil cabezas de ganado al a\u00f1o, que se transformar\u00e1n en 240 mil toneladas de carne. El 65% de su producci\u00f3n ser\u00e1 para exportaci\u00f3n; a\u00a0Estados Unidos y Canad\u00e1 (30%), Asia (15%) y Europa (10%) principalmente.<img loading=\"lazy\" decoding=\"async\" class=\"aligncenter size-large wp-image-176\" src=\"https:\/\/foro1025.mx\/wp-content\/uploads\/2016\/04\/210-1024x683.jpg\" alt=\"210\" width=\"676\" height=\"451\" \/><\/p>\n","protected":false},"excerpt":{"rendered":"<div class=\"mh-excerpt\"><p>\u00abM\u00e9xico es un pa\u00eds, que es hoy una potencia productora de alimentos; es un pa\u00eds <a class=\"mh-excerpt-more\" href=\"https:\/\/foro1025.mx\/?p=175\" title=\"El gobierno federal inaugur\u00f3 el agroparque \u00abIntegradora SuKarne Lucero\u00bb.\">&#8230;<\/a><\/p>\n<\/div>","protected":false},"author":1,"featured_media":0,"comment_status":"open","ping_status":"open","sticky":false,"template":"","format":"standard","meta":{"footnotes":""},"categories":[18],"tags":[],"class_list":{"0":"post-175","1":"post","2":"type-post","3":"status-publish","4":"format-standard","6":"category-nacional"},"_links":{"self":[{"href":"https:\/\/foro1025.mx\/index.php?rest_route=\/wp\/v2\/posts\/175","targetHints":{"allow":["GET"]}}],"collection":[{"href":"https:\/\/foro1025.mx\/index.php?rest_route=\/wp\/v2\/posts"}],"about":[{"href":"https:\/\/foro1025.mx\/index.php?rest_route=\/wp\/v2\/types\/post"}],"author":[{"embeddable":true,"href":"https:\/\/foro1025.mx\/index.php?rest_route=\/wp\/v2\/users\/1"}],"replies":[{"embeddable":true,"href":"https:\/\/foro1025.mx\/index.php?rest_route=%2Fwp%2Fv2%2Fcomments&post=175"}],"version-history":[{"count":1,"href":"https:\/\/foro1025.mx\/index.php?rest_route=\/wp\/v2\/posts\/175\/revisions"}],"predecessor-version":[{"id":177,"href":"https:\/\/foro1025.mx\/index.php?rest_route=\/wp\/v2\/posts\/175\/revisions\/177"}],"wp:attachment":[{"href":"https:\/\/foro1025.mx\/index.php?rest_route=%2Fwp%2Fv2%2Fmedia&parent=175"}],"wp:term":[{"taxonomy":"category","embeddable":true,"href":"https:\/\/foro1025.mx\/index.php?rest_route=%2Fwp%2Fv2%2Fcategories&post=175"},{"taxonomy":"post_tag","embeddable":true,"href":"https:\/\/foro1025.mx\/index.php?rest_route=%2Fwp%2Fv2%2Ftags&post=175"}],"curies":[{"name":"wp","href":"https:\/\/api.w.org\/{rel}","templated":true}]}}