{"id":17520,"date":"2022-02-01T13:56:08","date_gmt":"2022-02-01T19:56:08","guid":{"rendered":"https:\/\/foro1025.mx\/?p=17520"},"modified":"2022-02-01T13:56:08","modified_gmt":"2022-02-01T19:56:08","slug":"en-el-marco-del-dia-nacional-del-ajolote-el-alcalde-de-tlalnepantla-llamo-a-contribuir-juntos-en-la-preservacion-del-medio-ambiente","status":"publish","type":"post","link":"https:\/\/foro1025.mx\/?p=17520","title":{"rendered":"En el marco del D\u00eda Nacional del Ajolote el alcalde de Tlalnepantla llam\u00f3 a contribuir juntos en la preservaci\u00f3n del medio ambiente"},"content":{"rendered":"<ul>\n<li><em>El Alcalde encabez\u00f3 el evento conmemorativo del D\u00eda Nacional del Ajolote<\/em><\/li>\n<\/ul>\n<ul class=\"ul1\">\n<li class=\"li4\"><em>Exhort\u00f3 a la poblaci\u00f3n a hacer consciencia y trabajar en acciones que procuren el medio ambiente<\/em><\/li>\n<\/ul>\n<p class=\"p4\">Marco Antonio Rodr\u00edguez Hurtado, Presidente Municipal, urgi\u00f3 a trabajar de manera coordinada, sociedad y gobierno, para preservar el medio ambiente y con ello las especies end\u00e9micas que est\u00e1n en peligro de extinci\u00f3n.<\/p>\n<p class=\"p4\">Acompa\u00f1ado del titular de la Coordinaci\u00f3n General de Conservaci\u00f3n Ecol\u00f3gica del Gobierno del Estado de M\u00e9xico, Jorge Pedro Flores Marker, el Alcalde resalt\u00f3 la importancia de emprender acciones ambientales concretas para evitar que la mancha urbana contin\u00fae invadiendo \u00e1reas verdes que representan un pulm\u00f3n en la ciudad.<\/p>\n<p class=\"p4\">\u201cEs una tarea de todos buscar medidas y acciones muy concretas en favor del medio ambiente y de nuestro entorno, porque hace falta mucha reforestaci\u00f3n, educaci\u00f3n ambiental, el cuidado del agua y la preservaci\u00f3n de varios rubros ecol\u00f3gicos m\u00e1s\u201d, apunt\u00f3.<\/p>\n<p class=\"p4\">Rodr\u00edguez Hurtado extern\u00f3 su satisfacci\u00f3n porque Tlalnepantla sea sede de espacios como el Centro de Educaci\u00f3n Ambiental Integral en la Sierra de Guadalupe, en donde se tiene un espacio espec\u00edfico para conocer m\u00e1s sobre el ajolote, ejemplar emblem\u00e1tico mexicano.<\/p>\n<p class=\"p4\">Por su parte, Jorge Pedro Flores coincidi\u00f3 en la necesidad de conocer m\u00e1s acerca del ajolote, pues -dijo- en la medida que se obtiene m\u00e1s informaci\u00f3n sobre \u00e9l, crece el inter\u00e9s por cuidarlo y preservarlo.<\/p>\n<p class=\"p4\">En este evento en el que las autoridades recorrieron el Jard\u00edn Bot\u00e1nico y el Ajolotario, tambi\u00e9n estuvieron presentes: la S\u00edndica Arleth Grimaldo Osorio, presidenta de la Comisi\u00f3n Edilicia de Medio Ambiente; Pamela Valencia, creadora del billete de 50 pesos y del museo Axolotitl\u00e1n; Juan Jorge Avil\u00e9s, presidente del Instituto Mexicano de Flora y Fauna, as\u00ed como promotores ambientales.<\/p>\n","protected":false},"excerpt":{"rendered":"<div class=\"mh-excerpt\"><p>El Alcalde encabez\u00f3 el evento conmemorativo del D\u00eda Nacional del Ajolote Exhort\u00f3 a la poblaci\u00f3n <a class=\"mh-excerpt-more\" href=\"https:\/\/foro1025.mx\/?p=17520\" title=\"En el marco del D\u00eda Nacional del Ajolote el alcalde de Tlalnepantla llam\u00f3 a contribuir juntos en la preservaci\u00f3n del medio ambiente\">&#8230;<\/a><\/p>\n<\/div>","protected":false},"author":1,"featured_media":0,"comment_status":"closed","ping_status":"closed","sticky":false,"template":"","format":"standard","meta":{"footnotes":""},"categories":[16],"tags":[],"class_list":{"0":"post-17520","1":"post","2":"type-post","3":"status-publish","4":"format-standard","6":"category-tlalnepantla"},"_links":{"self":[{"href":"https:\/\/foro1025.mx\/index.php?rest_route=\/wp\/v2\/posts\/17520","targetHints":{"allow":["GET"]}}],"collection":[{"href":"https:\/\/foro1025.mx\/index.php?rest_route=\/wp\/v2\/posts"}],"about":[{"href":"https:\/\/foro1025.mx\/index.php?rest_route=\/wp\/v2\/types\/post"}],"author":[{"embeddable":true,"href":"https:\/\/foro1025.mx\/index.php?rest_route=\/wp\/v2\/users\/1"}],"replies":[{"embeddable":true,"href":"https:\/\/foro1025.mx\/index.php?rest_route=%2Fwp%2Fv2%2Fcomments&post=17520"}],"version-history":[{"count":1,"href":"https:\/\/foro1025.mx\/index.php?rest_route=\/wp\/v2\/posts\/17520\/revisions"}],"predecessor-version":[{"id":17522,"href":"https:\/\/foro1025.mx\/index.php?rest_route=\/wp\/v2\/posts\/17520\/revisions\/17522"}],"wp:attachment":[{"href":"https:\/\/foro1025.mx\/index.php?rest_route=%2Fwp%2Fv2%2Fmedia&parent=17520"}],"wp:term":[{"taxonomy":"category","embeddable":true,"href":"https:\/\/foro1025.mx\/index.php?rest_route=%2Fwp%2Fv2%2Fcategories&post=17520"},{"taxonomy":"post_tag","embeddable":true,"href":"https:\/\/foro1025.mx\/index.php?rest_route=%2Fwp%2Fv2%2Ftags&post=17520"}],"curies":[{"name":"wp","href":"https:\/\/api.w.org\/{rel}","templated":true}]}}