{"id":17544,"date":"2022-02-01T18:10:21","date_gmt":"2022-02-02T00:10:21","guid":{"rendered":"https:\/\/foro1025.mx\/?p=17544"},"modified":"2022-02-01T18:10:21","modified_gmt":"2022-02-02T00:10:21","slug":"anuncian-vacunacion-covid-de-refuerzo-para-personas-de-40-a-49-en-atizapan-de-zaragoza","status":"publish","type":"post","link":"https:\/\/foro1025.mx\/?p=17544","title":{"rendered":"Anuncian vacunaci\u00f3n COVID de refuerzo para personas de 40 a 49 en Atizap\u00e1n de Zaragoza"},"content":{"rendered":"<p class=\"p1\">Este martes 1\u00ba de febrero inicia en Atizap\u00e1n de Zaragoza, la aplicaci\u00f3n de la tercera dosis de la vacuna contra COVID-19 a la poblaci\u00f3n de 40 a 49 a\u00f1os que ya complet\u00f3 su esquema de vacunaci\u00f3n.<\/p>\n<p class=\"p1\">Ser\u00e1 del 1\u00ba al 3 de febrero cuando se aplique la vacuna a la poblaci\u00f3n atizapense en las tres sedes de vacunaci\u00f3n distribuidas en: la Unidad Deportiva Ana Gabriela Guevara, el Teatro Zaragoza y las instalaciones del DIF Central en Lomas de Atizap\u00e1n.<\/p>\n<p class=\"p1\">El horario de atenci\u00f3n a las personas de este rango de edad, ser\u00e1 de 9:00 a 17:00 horas. Personal del sector salud de los tres \u00f3rdenes de Gobierno atender\u00e1n a los pobladores atizapenses, de acuerdo con la letra inicial del primer apellido:<\/p>\n<p class=\"p1\">1\u00ba de febrero: A, B, C, D, E, F, G, H, I<\/p>\n<p class=\"p1\">2 de febrero: J, K, L, M, N, \u00d1, O, P, Q<\/p>\n<p class=\"p1\">3 de febrero: R, S, T, U, V, W, X, Y, Z<\/p>\n<p class=\"p1\">Para agilizar el proceso, se solicita a los ciudadanos presentar el formato de vacunaci\u00f3n con c\u00f3digo QR; el documento deber\u00e1 descargarse del sitio: https:\/\/mivacuna.salud.gob.mx. Adem\u00e1s, los atizapenses deber\u00e1n acudir con una identificaci\u00f3n oficial, CURP y comprobante de domicilio.<\/p>\n<p class=\"p1\">Se recuerda a la poblaci\u00f3n que en caso de la p\u00e9rdida del expediente de vacunaci\u00f3n, se puede volver a imprimir en el mismo sitio oficial del gobierno federal, tambi\u00e9n se hace un llamado a la poblaci\u00f3n para cumplir con todas las medidas sanitarias como el uso de cubrebocas en todas y cada una de las sedes de vacunaci\u00f3n.<\/p>\n","protected":false},"excerpt":{"rendered":"<div class=\"mh-excerpt\"><p>Este martes 1\u00ba de febrero inicia en Atizap\u00e1n de Zaragoza, la aplicaci\u00f3n de la tercera <a class=\"mh-excerpt-more\" href=\"https:\/\/foro1025.mx\/?p=17544\" title=\"Anuncian vacunaci\u00f3n COVID de refuerzo para personas de 40 a 49 en Atizap\u00e1n de Zaragoza\">&#8230;<\/a><\/p>\n<\/div>","protected":false},"author":1,"featured_media":0,"comment_status":"closed","ping_status":"closed","sticky":false,"template":"","format":"standard","meta":{"footnotes":""},"categories":[1,25],"tags":[],"class_list":{"0":"post-17544","1":"post","2":"type-post","3":"status-publish","4":"format-standard","6":"category-atizapan","7":"category-salud-y-ciencia"},"_links":{"self":[{"href":"https:\/\/foro1025.mx\/index.php?rest_route=\/wp\/v2\/posts\/17544","targetHints":{"allow":["GET"]}}],"collection":[{"href":"https:\/\/foro1025.mx\/index.php?rest_route=\/wp\/v2\/posts"}],"about":[{"href":"https:\/\/foro1025.mx\/index.php?rest_route=\/wp\/v2\/types\/post"}],"author":[{"embeddable":true,"href":"https:\/\/foro1025.mx\/index.php?rest_route=\/wp\/v2\/users\/1"}],"replies":[{"embeddable":true,"href":"https:\/\/foro1025.mx\/index.php?rest_route=%2Fwp%2Fv2%2Fcomments&post=17544"}],"version-history":[{"count":1,"href":"https:\/\/foro1025.mx\/index.php?rest_route=\/wp\/v2\/posts\/17544\/revisions"}],"predecessor-version":[{"id":17546,"href":"https:\/\/foro1025.mx\/index.php?rest_route=\/wp\/v2\/posts\/17544\/revisions\/17546"}],"wp:attachment":[{"href":"https:\/\/foro1025.mx\/index.php?rest_route=%2Fwp%2Fv2%2Fmedia&parent=17544"}],"wp:term":[{"taxonomy":"category","embeddable":true,"href":"https:\/\/foro1025.mx\/index.php?rest_route=%2Fwp%2Fv2%2Fcategories&post=17544"},{"taxonomy":"post_tag","embeddable":true,"href":"https:\/\/foro1025.mx\/index.php?rest_route=%2Fwp%2Fv2%2Ftags&post=17544"}],"curies":[{"name":"wp","href":"https:\/\/api.w.org\/{rel}","templated":true}]}}