{"id":17562,"date":"2022-02-01T18:22:13","date_gmt":"2022-02-02T00:22:13","guid":{"rendered":"https:\/\/foro1025.mx\/?p=17562"},"modified":"2022-02-01T18:22:13","modified_gmt":"2022-02-02T00:22:13","slug":"atienden-a-emprensarios-en-temas-de-limpieza-y-recuperacion-de-espacios-publicos","status":"publish","type":"post","link":"https:\/\/foro1025.mx\/?p=17562","title":{"rendered":"Atienden a emprensarios en temas de limpieza y recuperaci\u00f3n de espacios p\u00fablicos"},"content":{"rendered":"<p class=\"p1\"><em>\u2022<span class=\"Apple-converted-space\">\u00a0 \u00a0 \u00a0 <\/span>Hoy en la zona de industrial de Xhala se brind\u00f3 atenci\u00f3n a cuestiones de seguridad, poda, limpieza, alumbrado p\u00fablico y desazolve<\/em><\/p>\n<p class=\"p1\"><em>\u2022<span class=\"Apple-converted-space\">\u00a0 \u00a0 \u00a0 <\/span>Gobierno sostendr\u00e1 mesas de trabajo para identificar peticiones espec\u00edficas<\/em><\/p>\n<p class=\"p1\">El gobierno de Cuautitl\u00e1n Izcalli que encabeza Karla Leticia Fiesco Garc\u00eda informa que comenzaron los trabajos de atenci\u00f3n a los problemas de servicios p\u00fablicos en las distintas zonas industriales del ayuntamiento con la finalidad de coadyuvar al crecimiento econ\u00f3mico de los izcallenses.<\/p>\n<p class=\"p1\">Las y los titulares de las direcciones de Desarrollo Econ\u00f3mico, Seguridad P\u00fablica, Servicios P\u00fablicos y OPERAGUA, acudieron hoy a la zona industrial de Xhala para brindar atenci\u00f3n inmediata a cuestiones de seguridad, poda, limpieza, alumbrado p\u00fablico y desazolve.<\/p>\n<p class=\"p1\">Ely Beatriz Quintana Becerril, titular de la Direcci\u00f3n de Desarrollo Econ\u00f3mico, se\u00f1al\u00f3 que ha sido instrucci\u00f3n de la presidenta Fiesco Garc\u00eda trabajar de manera conjunta y prioritaria con el sector empresarial para el rescate de la zona, por lo que se estar\u00e1n realizando trabajos de manera inmediata que ayuden a mejorar los temas de seguridad y movilidad.<\/p>\n<p class=\"p1\">Por tal motivo, se acord\u00f3 que las autoridades municipales llevar\u00e1n a cabo mesas de trabajo con los empresarios de las diferentes zonas industriales de la demarcaci\u00f3n para colaborar en la soluci\u00f3n de peticiones espec\u00edficas que alienten el desarrollo econ\u00f3mico de la poblaci\u00f3n.<\/p>\n<p class=\"p1\">Del mismo modo y a la par de los trabajos que se efectuaron en la zona industrial, en d\u00edas recientes la direcci\u00f3n de Servicios P\u00fablicos a trav\u00e9s de las cuadrillas de mantenimiento urbano ejecutaron el rescate de espacios con el desmalezado, poda y derribo de \u00e1rboles en las colonias Cofrad\u00eda I y III, Centro Urbano, Cuamatla, Arcos de la Hacienda, Ensue\u00f1os, Bosques del Lago, Colinas del Lago, Lomas del Bosque, Mirador Santa Rosa, Atlanta, La Joyita, Santa Rosa de Lima, Unidad Ferrocarrilera, La Perla, Lomas del Bosque, Arcos del Alba, Granjas de Guadalupe, Colinas del Lago, Bosques de Morelos, Cumbria, Bosques del Alba II, La Perla, Santa Mar\u00eda Guadalupe Las Torres, pueblo San Sebasti\u00e1n Xhala, en las avenidas Paseos del Alba, Teotihuac\u00e1n, Jim\u00e9nez Gallardo y Jim\u00e9nez Cant\u00fa y el mantenimiento a los parques Espejo de los Lirios, Chopos, de Las Esculturas, de la Familia e Infonavit Tepalcapa.<\/p>\n<p class=\"p1\">De igual manera, la poda de pasto y desmalezado en el Parque Central de Tepalcapa, en la gaza de incorporaci\u00f3n sobre la autopista M\u00e9xico-Quer\u00e9taro a la altura de San Lorenzo R\u00edo Tenco, en la avenida Huehuetoca, en las inmediaciones del Centro Cultural \u00c1gora CEIS, en La Piedad y San Francisco Tepojaco, en la primaria, Profesor Ignacio Torres Olascoaga y Siervo de la Naci\u00f3n, en la escuela Enrique R\u00e9bsamen, en el Jard\u00edn de Ni\u00f1os Gabriel Mistral, por mencionar algunos, as\u00ed como la reparaci\u00f3n de luminarias en distintas colonias de la demarcaci\u00f3n.<\/p>\n<p class=\"p1\">Con estas acciones se ha realizado el desmalezado de 161 mil 440.15 metros cuadrados, la poda de 430 \u00e1rboles y el derribo de 209, en el que han trabajado m\u00e1s de 300 elementos de servicios p\u00fablicos.<\/p>\n<p class=\"p1\">La seguridad de las y los ciudadanos que trabajan y transitan por la zona es una prioridad para la presidenta Karla Fiesco Garc\u00eda, por lo que en los siguientes d\u00edas se seguir\u00e1n ampliando y reforzando los trabajos de servicios p\u00fablicos.<\/p>\n","protected":false},"excerpt":{"rendered":"<div class=\"mh-excerpt\"><p>\u2022\u00a0 \u00a0 \u00a0 Hoy en la zona de industrial de Xhala se brind\u00f3 atenci\u00f3n a <a class=\"mh-excerpt-more\" href=\"https:\/\/foro1025.mx\/?p=17562\" title=\"Atienden a emprensarios en temas de limpieza y recuperaci\u00f3n de espacios p\u00fablicos\">&#8230;<\/a><\/p>\n<\/div>","protected":false},"author":1,"featured_media":0,"comment_status":"closed","ping_status":"closed","sticky":false,"template":"","format":"standard","meta":{"footnotes":""},"categories":[29],"tags":[],"class_list":{"0":"post-17562","1":"post","2":"type-post","3":"status-publish","4":"format-standard","6":"category-cuautitlan-izcalli"},"_links":{"self":[{"href":"https:\/\/foro1025.mx\/index.php?rest_route=\/wp\/v2\/posts\/17562","targetHints":{"allow":["GET"]}}],"collection":[{"href":"https:\/\/foro1025.mx\/index.php?rest_route=\/wp\/v2\/posts"}],"about":[{"href":"https:\/\/foro1025.mx\/index.php?rest_route=\/wp\/v2\/types\/post"}],"author":[{"embeddable":true,"href":"https:\/\/foro1025.mx\/index.php?rest_route=\/wp\/v2\/users\/1"}],"replies":[{"embeddable":true,"href":"https:\/\/foro1025.mx\/index.php?rest_route=%2Fwp%2Fv2%2Fcomments&post=17562"}],"version-history":[{"count":1,"href":"https:\/\/foro1025.mx\/index.php?rest_route=\/wp\/v2\/posts\/17562\/revisions"}],"predecessor-version":[{"id":17564,"href":"https:\/\/foro1025.mx\/index.php?rest_route=\/wp\/v2\/posts\/17562\/revisions\/17564"}],"wp:attachment":[{"href":"https:\/\/foro1025.mx\/index.php?rest_route=%2Fwp%2Fv2%2Fmedia&parent=17562"}],"wp:term":[{"taxonomy":"category","embeddable":true,"href":"https:\/\/foro1025.mx\/index.php?rest_route=%2Fwp%2Fv2%2Fcategories&post=17562"},{"taxonomy":"post_tag","embeddable":true,"href":"https:\/\/foro1025.mx\/index.php?rest_route=%2Fwp%2Fv2%2Ftags&post=17562"}],"curies":[{"name":"wp","href":"https:\/\/api.w.org\/{rel}","templated":true}]}}