{"id":17571,"date":"2022-02-01T18:36:40","date_gmt":"2022-02-02T00:36:40","guid":{"rendered":"https:\/\/foro1025.mx\/?p=17571"},"modified":"2022-02-01T18:36:40","modified_gmt":"2022-02-02T00:36:40","slug":"llevan-a-cabo-primer-acercamiento-con-asociaciones-civiles","status":"publish","type":"post","link":"https:\/\/foro1025.mx\/?p=17571","title":{"rendered":"Llevan a cabo primer acercamiento con asociaciones civiles"},"content":{"rendered":"<ul>\n<li class=\"p1\"><em>El Gobierno tendr\u00e1 una interacci\u00f3n permanente con todos los sectores de la poblaci\u00f3n, fundamentalmente con la sociedad civil organizada<\/em><\/li>\n<li class=\"p1\"><em>Mesas de trabajo sirven para llevar la voz de las organizaciones y asociaciones civiles a los objetivos del Plan de Desarrollo Municipal<\/em><\/li>\n<\/ul>\n<p class=\"p1\">El Ayuntamiento de Cuautitl\u00e1n Izcalli, que preside la alcaldesa Karla Fiesco Garc\u00eda, realiz\u00f3 la primera mesa de trabajo con integrantes de la Sociedad Civil Organizada, donde participaron 11 asociaciones civiles con el objetivo de tender puentes y trabajos coordinados con la ciudadan\u00eda.<\/p>\n<p class=\"p1\">Este encuentro con representantes de la sociedad civil organizada es el inicio de una serie de reuniones que habr\u00e1n de sostenerse en el marco de los primeros 100 d\u00edas de gobierno para llevar la voz de las organizaciones y asociaciones civiles a los objetivos del Plan de Desarrollo Municipal.<\/p>\n<p class=\"p1\">Jos\u00e9 Luis Pacheco Rojas, subsecretario de Gobierno y Concentraci\u00f3n Social, mencion\u00f3 que actuar\u00e1 como un canal de comunicaci\u00f3n entre el gobierno y las organizaciones civiles para brindar facilidades y confianza en cada proceso, tr\u00e1mite o servicios que deban gestionar.<\/p>\n<p class=\"p1\">En esta primera mesa de trabajo estuvo presente Jair Octavio Mart\u00ednez Flores, jefe de Departamento de Asociaciones Civiles y Asuntos Religiosos, as\u00ed como Edgar Antonio O\u00f1ate P\u00e9rez, jefe de Departamento de Asociaciones No Gubernamentales y Patricia Villa Medina, coordinadora de organizaciones sociales.<\/p>\n<p class=\"p1\">Villa Medina celebr\u00f3 el encuentro entre autoridades y representantes de la sociedad civil, puesto que son \u201custedes los portadores de la realidad que se vive todos los d\u00edas en el municipio, su permanente trabajo en la lucha por las causas sociales, les concede no solo suficiencia moral, sino conocimiento pleno de cu\u00e1les deben ser las pol\u00edticas que contribuyan a resolver las problem\u00e1ticas sociales\u201d, refiri\u00f3 Patricia Villa.<\/p>\n<p class=\"p1\">Cabe destacar que la Coordinaci\u00f3n de Organizaciones Sociales de la cual se desprenden los departamentos de Asociaciones Civiles y Asuntos Religiosos; y Asociaciones No Gubernamentales, se cre\u00f3 al inicio de la administraci\u00f3n como respuesta a una demanda que anteriormente hab\u00eda sido ignorada por administraciones pasadas.<\/p>\n","protected":false},"excerpt":{"rendered":"<div class=\"mh-excerpt\"><p>El Gobierno tendr\u00e1 una interacci\u00f3n permanente con todos los sectores de la poblaci\u00f3n, fundamentalmente con <a class=\"mh-excerpt-more\" href=\"https:\/\/foro1025.mx\/?p=17571\" title=\"Llevan a cabo primer acercamiento con asociaciones civiles\">&#8230;<\/a><\/p>\n<\/div>","protected":false},"author":1,"featured_media":0,"comment_status":"closed","ping_status":"closed","sticky":false,"template":"","format":"standard","meta":{"footnotes":""},"categories":[29],"tags":[],"class_list":{"0":"post-17571","1":"post","2":"type-post","3":"status-publish","4":"format-standard","6":"category-cuautitlan-izcalli"},"_links":{"self":[{"href":"https:\/\/foro1025.mx\/index.php?rest_route=\/wp\/v2\/posts\/17571","targetHints":{"allow":["GET"]}}],"collection":[{"href":"https:\/\/foro1025.mx\/index.php?rest_route=\/wp\/v2\/posts"}],"about":[{"href":"https:\/\/foro1025.mx\/index.php?rest_route=\/wp\/v2\/types\/post"}],"author":[{"embeddable":true,"href":"https:\/\/foro1025.mx\/index.php?rest_route=\/wp\/v2\/users\/1"}],"replies":[{"embeddable":true,"href":"https:\/\/foro1025.mx\/index.php?rest_route=%2Fwp%2Fv2%2Fcomments&post=17571"}],"version-history":[{"count":1,"href":"https:\/\/foro1025.mx\/index.php?rest_route=\/wp\/v2\/posts\/17571\/revisions"}],"predecessor-version":[{"id":17573,"href":"https:\/\/foro1025.mx\/index.php?rest_route=\/wp\/v2\/posts\/17571\/revisions\/17573"}],"wp:attachment":[{"href":"https:\/\/foro1025.mx\/index.php?rest_route=%2Fwp%2Fv2%2Fmedia&parent=17571"}],"wp:term":[{"taxonomy":"category","embeddable":true,"href":"https:\/\/foro1025.mx\/index.php?rest_route=%2Fwp%2Fv2%2Fcategories&post=17571"},{"taxonomy":"post_tag","embeddable":true,"href":"https:\/\/foro1025.mx\/index.php?rest_route=%2Fwp%2Fv2%2Ftags&post=17571"}],"curies":[{"name":"wp","href":"https:\/\/api.w.org\/{rel}","templated":true}]}}