{"id":17580,"date":"2022-02-01T18:51:29","date_gmt":"2022-02-02T00:51:29","guid":{"rendered":"https:\/\/foro1025.mx\/?p=17580"},"modified":"2022-02-01T18:51:29","modified_gmt":"2022-02-02T00:51:29","slug":"mantiene-gem-relacion-de-cercania-y-respeto-con-poderes-legislativo-y-judicial-para-fortalecer-el-acceso-a-la-justicia-y-general-desarrollo-para-los-mexiquenses-alfredo-del-mazo","status":"publish","type":"post","link":"https:\/\/foro1025.mx\/?p=17580","title":{"rendered":"Mantiene GEM relaci\u00f3n de cercan\u00eda y respeto con poderes legislativo y judicial para fortalecer el acceso a la justicia y general desarrollo para los mexiquenses: Alfredo Del Mazo"},"content":{"rendered":"<p class=\"p3\"><i>\u2022 Asiste Gobernador al Segundo Informe de Desarrollo Estrat\u00e9gico del Presidente del Tribunal Superior de Justicia y del Consejo de la Judicatura del Estado de M\u00e9xico, Ricardo Sodi Cuellar. <\/i><\/p>\n<p class=\"p3\"><i>\u2022 Se\u00f1ala que el liderazgo del Edom\u00e9x se basa en la solidez de sus instituciones. <\/i><\/p>\n<p class=\"p3\"><i>\u2022 Subraya los avances del Poder Judicial en su actualizaci\u00f3n digital, desarrollo organizacional y compromiso con la igualdad.<\/i><\/p>\n<p class=\"p3\"><b>Toluca, Estado de M\u00e9xico.- <\/b>El Gobernador Alfredo Del Mazo Maza indic\u00f3 que el Ejecutivo mantiene con los Poderes Judicial y Legislativo una relaci\u00f3n cercana y de respeto, para construir una justicia accesible y cotidiana, as\u00ed como para generar oportunidades de desarrollo para las familias mexiquenses.<\/p>\n<p class=\"p3\">\u201cLos tres \u00f3rdenes de Gobierno, los tres Poderes de la Uni\u00f3n, con base en nuestras facultades constitucionales y respeto a nuestros \u00e1mbitos de competencia, sumamos esfuerzos con el objetivo com\u00fan de fortalecer y renovar, en todos los niveles, el acceso a la justicia\u201d, afirm\u00f3.<\/p>\n<p class=\"p3\">Al asistir al Segundo Informe de Desarrollo Estrat\u00e9gico del Presidente del Tribunal Superior de Justicia y del Consejo de la Judicatura del Estado de M\u00e9xico, Ricardo Sodi Cuellar, el Gobernador mexiquense puntualiz\u00f3 que el liderazgo de la entidad se basa en la solidez de sus instituciones, en el respeto del marco normativo del que derivan los derechos individuales y colectivos, y en la vocaci\u00f3n de servicio que distingue a las y los servidores p\u00fablicos mexiquenses.<\/p>\n<p class=\"p3\">En el Palacio de Justicia en Toluca, Alfredo Del Mazo se\u00f1al\u00f3 que los mexicanos han impulsado una pol\u00edtica nacional de inclusi\u00f3n mediante la integraci\u00f3n comunitaria, la equidad educativa, y el desarrollo de infraestructura, que promueven una econom\u00eda con sentido social para disminuir las brechas de desigualdad, por lo que, apunt\u00f3, es necesario dar continuidad a estos avances para alcanzar mejores niveles de desarrollo.<\/p>\n<p class=\"p3\">Sostuvo que para lograrlo se tiene que garantizar el acceso a un Estado de Derecho en el que las leyes est\u00e9n al servicio de la sociedad y las instituciones alienten la confianza ciudadana y la unidad social.<\/p>\n<p class=\"p3\">\u201cNuestro m\u00e1ximo Tribunal act\u00faa con responsabilidad, recuperando la esencia humana de la justicia, y acompa\u00f1ando los esfuerzos del Gobierno del Estado por construir una cultura de la paz, una sociedad que ofrezca oportunidades de desarrollo e instituciones que respalden los proyectos y metas de las familias\u201d, enfatiz\u00f3.<\/p>\n<p class=\"p3\">En este sentido, Del Mazo Maza destac\u00f3 algunos de los avances del Poder Judicial, como lo es su actualizaci\u00f3n digital, desarrollo organizacional y compromiso con la igualdad.<\/p>\n<p class=\"p3\">\u201cNuestro m\u00e1ximo Tribunal encabeza un programa de fortalecimiento sin precedente, que ha servido como gu\u00eda para el resto de las entidades federativas, haciendo de la justicia mexiquense un ejemplo de actualizaci\u00f3n digital, de desarrollo organizacional y de compromiso con la igualdad\u201d, subray\u00f3.<\/p>\n<p class=\"p3\">Al respecto, manifest\u00f3 que el Poder Judicial se ha consolidado como un Tribunal Electr\u00f3nico de vanguardia, con la creaci\u00f3n del Juzgado de Control Especializado en Cateos, \u00d3rdenes de Aprehensi\u00f3n y Medidas de Protecci\u00f3n en L\u00ednea, as\u00ed como el Juzgado en L\u00ednea Especializado en Materia de Violencia Familiar y de Protecci\u00f3n de Ni\u00f1as, Ni\u00f1os y Adolescentes.<\/p>\n<p class=\"p3\">Agreg\u00f3 que ejerciendo su facultad para presentar iniciativas de Ley ante el Congreso del Estado de M\u00e9xico, en 2021 entr\u00f3 en vigor el juicio hipotecario, medida que fortalece los esquemas de responsabilidad patrimonial, otorgando certeza jur\u00eddica y procesal al mercado inmobiliario.<\/p>\n<p class=\"p3\">Se encuentran tambi\u00e9n sus avances del Observatorio Ciudadano en Favor de la Justicia y la creaci\u00f3n del Observatorio Mexiquense de la Abogac\u00eda, adem\u00e1s de los Juzgados Especializados y el fortalecimiento de la carrera judicial con base en el modelo por competencias.<\/p>\n<p class=\"p3\">Reconoci\u00f3 el compromiso del Poder Judicial con la igualdad de g\u00e9nero, al emitir la primera convocatoria exclusiva a mujeres para ocupar el cargo de magistradas, una acci\u00f3n afirmativa que permitir\u00e1 dar al pleno del Tribunal una conformaci\u00f3n cada vez m\u00e1s paritaria.<\/p>\n<p class=\"p3\">El titular del Ejecutivo estatal dio a conocer las acciones en conjunto que se llevan a cabo con el Poder Judicial, como lo es la entrega de t\u00edtulos de propiedad, las Caravanas por la Justicia Cotidiana, para acercar servicios legales a las comunidades, adem\u00e1s de la implementaci\u00f3n de la Reforma Laboral.<\/p>\n<p class=\"p3\">Asimismo, destac\u00f3 la entrada en vigor de la Ley de Amnist\u00eda del Estado de M\u00e9xico, mediante la cual se brinda a los beneficiados una nueva oportunidad para reorientar sus proyectos de vida, as\u00ed como la posibilidad de obtener una reparaci\u00f3n por da\u00f1os econ\u00f3micos.<\/p>\n<p class=\"p3\">Por estos logros y avances, el mandatario mexiquense reconoci\u00f3 el trabajo realizado por Ricardo Sodi Cuellar, al frente del Tribunal Superior de Justicia de la entidad, a quien calific\u00f3 como un hombre dedicado a servir a la justicia, y que durante su segundo a\u00f1o al frente del Poder Judicial, fortaleci\u00f3 la vida interna de la instituci\u00f3n, mejorando los esquemas de trabajo y con profesionalizaci\u00f3n de sus colaboradores.<\/p>\n<p class=\"p3\">Tambi\u00e9n reconoci\u00f3 a quienes forman parte de este Tribunal, por su compromiso con la ley y la \u00e9tica, que hacen del Poder Judicial del Estado de M\u00e9xico, un pilar de las instituciones mexiquenses.<\/p>\n<p class=\"p3\">El mandatario estatal expres\u00f3 que el Gobierno del Estado de M\u00e9xico seguir\u00e1 sumando esfuerzos y voluntades con el Poder Judicial, comprometidos con las causas sociales y la obtenci\u00f3n de resultados, gobernando con justicia y para todos los mexiquenses.<\/p>\n<p class=\"p3\">Por su parte, Ricardo Sodi se\u00f1al\u00f3 que el acceso efectivo a la justicia construye un Estado de Derecho, brinda certeza a la sociedad y leg\u00edtima las acciones del Estado, y destac\u00f3 que el esfuerzo de las naciones y de los gobernantes debe aplicarse a la preservaci\u00f3n y consolidaci\u00f3n de los espacios de seguridad, as\u00ed como tener una justicia mexiquense m\u00e1s confiable y m\u00e1s solvente, que brinde seguridad para el que acusa y el que se defiende.<\/p>\n<p class=\"p3\">A\u00f1adi\u00f3 que, para todo gobierno, la rendici\u00f3n de cuentas, la transparencia y enfrentar los retos del servicio p\u00fablico, son la esencia que fortalece a las instituciones, mencion\u00f3 que durante este a\u00f1o de actividades institucionales se rompieron paradigmas, se cre\u00f3 e innov\u00f3, fomentando la justicia como actividad esencial que no admite demora ni puede suspenderse, y destac\u00f3 que la administraci\u00f3n de justicia y respeto al Estado de Derecho deben de considerarse como temas relevantes para la agenda nacional y de todas las entidades federativas.<\/p>\n","protected":false},"excerpt":{"rendered":"<div class=\"mh-excerpt\"><p>\u2022 Asiste Gobernador al Segundo Informe de Desarrollo Estrat\u00e9gico del Presidente del Tribunal Superior de <a class=\"mh-excerpt-more\" href=\"https:\/\/foro1025.mx\/?p=17580\" title=\"Mantiene GEM relaci\u00f3n de cercan\u00eda y respeto con poderes legislativo y judicial para fortalecer el acceso a la justicia y general desarrollo para los mexiquenses: Alfredo Del Mazo\">&#8230;<\/a><\/p>\n<\/div>","protected":false},"author":1,"featured_media":0,"comment_status":"closed","ping_status":"closed","sticky":false,"template":"","format":"standard","meta":{"footnotes":""},"categories":[13],"tags":[],"class_list":{"0":"post-17580","1":"post","2":"type-post","3":"status-publish","4":"format-standard","6":"category-estado-de-mexico"},"_links":{"self":[{"href":"https:\/\/foro1025.mx\/index.php?rest_route=\/wp\/v2\/posts\/17580","targetHints":{"allow":["GET"]}}],"collection":[{"href":"https:\/\/foro1025.mx\/index.php?rest_route=\/wp\/v2\/posts"}],"about":[{"href":"https:\/\/foro1025.mx\/index.php?rest_route=\/wp\/v2\/types\/post"}],"author":[{"embeddable":true,"href":"https:\/\/foro1025.mx\/index.php?rest_route=\/wp\/v2\/users\/1"}],"replies":[{"embeddable":true,"href":"https:\/\/foro1025.mx\/index.php?rest_route=%2Fwp%2Fv2%2Fcomments&post=17580"}],"version-history":[{"count":1,"href":"https:\/\/foro1025.mx\/index.php?rest_route=\/wp\/v2\/posts\/17580\/revisions"}],"predecessor-version":[{"id":17582,"href":"https:\/\/foro1025.mx\/index.php?rest_route=\/wp\/v2\/posts\/17580\/revisions\/17582"}],"wp:attachment":[{"href":"https:\/\/foro1025.mx\/index.php?rest_route=%2Fwp%2Fv2%2Fmedia&parent=17580"}],"wp:term":[{"taxonomy":"category","embeddable":true,"href":"https:\/\/foro1025.mx\/index.php?rest_route=%2Fwp%2Fv2%2Fcategories&post=17580"},{"taxonomy":"post_tag","embeddable":true,"href":"https:\/\/foro1025.mx\/index.php?rest_route=%2Fwp%2Fv2%2Ftags&post=17580"}],"curies":[{"name":"wp","href":"https:\/\/api.w.org\/{rel}","templated":true}]}}