{"id":17583,"date":"2022-02-01T18:54:55","date_gmt":"2022-02-02T00:54:55","guid":{"rendered":"https:\/\/foro1025.mx\/?p=17583"},"modified":"2022-02-01T18:54:55","modified_gmt":"2022-02-02T00:54:55","slug":"instala-gem-la-comision-edilicia-de-atencion-a-la-violencia-en-contra-de-las-mujeres-en-huixquilucan","status":"publish","type":"post","link":"https:\/\/foro1025.mx\/?p=17583","title":{"rendered":"Instala GEM la Comisi\u00f3n Edilicia de Atenci\u00f3n a la Violencia en Contra de las Mujeres en Huixquilucan"},"content":{"rendered":"<p class=\"p1\">\n<ul class=\"ul1\">\n<li class=\"li3\"><i>Realizan la Primera Sesi\u00f3n Ordinaria de Instalaci\u00f3n del Sistema Municipal para la Igualdad de Trato y Oportunidades entre Mujeres y Hombres para Prevenir, Atender, Sancionar y Erradicar la Violencia contra las Mujeres.<\/i><\/li>\n<li class=\"li3\"><i>Afirman que habr\u00e1 cero tolerancia ante cualquier tipo de violencia contra ni\u00f1as, adolescentes y mujeres en el municipio.<\/i><\/li>\n<\/ul>\n<p class=\"p3\"><b>Huixquilucan, Estado de M\u00e9xico.- <\/b>Prevenir, atender, sancionar y erradicar la violencia contra las mujeres es una encomienda del Gobernador Alfredo Del Mazo Maza, en seguimiento a este objetivo, la titular de la Secretar\u00eda de la Mujer, Mar\u00eda Isabel S\u00e1nchez Holgu\u00edn, presenci\u00f3 la toma de protesta de la Comisi\u00f3n Edilicia de Atenci\u00f3n a la Violencia en contra de las Mujeres en el municipio de Huixquilucan.<\/p>\n<p class=\"p3\">Durante la sesi\u00f3n, S\u00e1nchez Holgu\u00edn record\u00f3 que la Ley General de Acceso de las Mujeres a una Vida Libre de Violencia, se promulg\u00f3 en 2007, de ah\u00ed que resulte indispensable crear m\u00e1s mecanismos institucionales para atender este problema, como lo es dicha Comisi\u00f3n Edilicia, que conjuga los esfuerzos de quien lleva las riendas del municipio y quienes integran el cuerpo edilicio y el gabinete.<\/p>\n<p class=\"p3\">\u201cLa conformaci\u00f3n de esta Comisi\u00f3n nos muestra que en Huixquilucan se asume la responsabilidad y el compromiso para trabajar por la libertad y el bienestar de todas las ni\u00f1as y las mujeres. La prevenci\u00f3n y erradicaci\u00f3n de la violencia requiere de alianzas firmes, de una conexi\u00f3n entre mujeres que significa ser sororas. Tambi\u00e9n implica aceptar que existe todo un discurso social que las concibe como seres inferiores a los hombres y que las coloca en una situaci\u00f3n de extrema vulnerabilidad\u201d, coment\u00f3 S\u00e1nchez Holgu\u00edn.<\/p>\n<p class=\"p3\">En su participaci\u00f3n, Romina Contreras Carrasco, Presidenta Municipal de Huixquilucan, expres\u00f3 que el gobierno municipal que encabeza, est\u00e1 comprometido con todas las ni\u00f1as adolescentes y mujeres, por lo que trabajar\u00e1n apoy\u00e1ndose de todos los niveles necesarios para garantizar la seguridad y el bienestar de las huixquiluquenses.<\/p>\n<p class=\"p3\">\u201cSepan que quien se mete con las ni\u00f1as y mujeres de Huixquilucan, se mete con todo el Gobierno y con todo el Ayuntamiento, tenemos una pol\u00edtica de cero tolerancia ante cualquier tipo de violencia, y nos hemos apoyado tambi\u00e9n de la Fiscal\u00eda del Estado de M\u00e9xico\u201d, afirm\u00f3 Contreras Carrasco.<\/p>\n<p class=\"p3\">Asimismo, durante dicha sesi\u00f3n, se tom\u00f3 protesta a las integrantes de la Comisi\u00f3n Edilicia, en donde la novena Regidora y Presidenta de dicha Comisi\u00f3n, Ivette Mariana Valdez S\u00e1nchez, coment\u00f3 que tendr\u00e1n la responsabilidad de ser el primer nivel de atenci\u00f3n y cercan\u00eda con la poblaci\u00f3n, por lo cual, impulsar\u00e1n y respaldar\u00e1n acciones que lleguen a los hogares huixquiluquenses para prevenir y atender las violencias que afecten a las mujeres y promover que todas y todos vivan en paz.<\/p>\n<p class=\"p3\">\u201cLa violencia contra las mujeres no es normal y mucho menos natural, es la m\u00e1s grande violaci\u00f3n a los derechos humanos, una violaci\u00f3n que afecta a m\u00e1s del 50 por ciento de la poblaci\u00f3n mundial, nuestra tarea es dejar en claro que los derechos humanos son tambi\u00e9n, derecho de las mujeres\u201d, coment\u00f3 Valdez S\u00e1nchez.<\/p>\n<p class=\"p3\">Finalmente, Isabel S\u00e1nchez agradeci\u00f3 y reconoci\u00f3 a la Presidenta Municipal y a las integrantes de la Comisi\u00f3n, pues afirm\u00f3, que los pasos que han dado, son muestra del seguimiento a los pilares de la administraci\u00f3n del Gobierno del Estado de M\u00e9xico, en donde las mujeres est\u00e1n al centro de esta gesti\u00f3n.<\/p>\n","protected":false},"excerpt":{"rendered":"<div class=\"mh-excerpt\"><p>Realizan la Primera Sesi\u00f3n Ordinaria de Instalaci\u00f3n del Sistema Municipal para la Igualdad de Trato <a class=\"mh-excerpt-more\" href=\"https:\/\/foro1025.mx\/?p=17583\" title=\"Instala GEM la Comisi\u00f3n Edilicia de Atenci\u00f3n a la Violencia en Contra de las Mujeres en Huixquilucan\">&#8230;<\/a><\/p>\n<\/div>","protected":false},"author":1,"featured_media":0,"comment_status":"closed","ping_status":"closed","sticky":false,"template":"","format":"standard","meta":{"footnotes":""},"categories":[13,17],"tags":[],"class_list":{"0":"post-17583","1":"post","2":"type-post","3":"status-publish","4":"format-standard","6":"category-estado-de-mexico","7":"category-huixquilucan"},"_links":{"self":[{"href":"https:\/\/foro1025.mx\/index.php?rest_route=\/wp\/v2\/posts\/17583","targetHints":{"allow":["GET"]}}],"collection":[{"href":"https:\/\/foro1025.mx\/index.php?rest_route=\/wp\/v2\/posts"}],"about":[{"href":"https:\/\/foro1025.mx\/index.php?rest_route=\/wp\/v2\/types\/post"}],"author":[{"embeddable":true,"href":"https:\/\/foro1025.mx\/index.php?rest_route=\/wp\/v2\/users\/1"}],"replies":[{"embeddable":true,"href":"https:\/\/foro1025.mx\/index.php?rest_route=%2Fwp%2Fv2%2Fcomments&post=17583"}],"version-history":[{"count":1,"href":"https:\/\/foro1025.mx\/index.php?rest_route=\/wp\/v2\/posts\/17583\/revisions"}],"predecessor-version":[{"id":17585,"href":"https:\/\/foro1025.mx\/index.php?rest_route=\/wp\/v2\/posts\/17583\/revisions\/17585"}],"wp:attachment":[{"href":"https:\/\/foro1025.mx\/index.php?rest_route=%2Fwp%2Fv2%2Fmedia&parent=17583"}],"wp:term":[{"taxonomy":"category","embeddable":true,"href":"https:\/\/foro1025.mx\/index.php?rest_route=%2Fwp%2Fv2%2Fcategories&post=17583"},{"taxonomy":"post_tag","embeddable":true,"href":"https:\/\/foro1025.mx\/index.php?rest_route=%2Fwp%2Fv2%2Ftags&post=17583"}],"curies":[{"name":"wp","href":"https:\/\/api.w.org\/{rel}","templated":true}]}}