{"id":17592,"date":"2022-02-01T19:00:53","date_gmt":"2022-02-02T01:00:53","guid":{"rendered":"https:\/\/foro1025.mx\/?p=17592"},"modified":"2022-02-01T19:00:53","modified_gmt":"2022-02-02T01:00:53","slug":"es-gustavo-baz-prada-ejemplo-e-inspiracion-para-las-nuevas-generaciones","status":"publish","type":"post","link":"https:\/\/foro1025.mx\/?p=17592","title":{"rendered":"Es Gustavo Baz Prada ejemplo e inspiraci\u00f3n para las nuevas generaciones"},"content":{"rendered":"<p class=\"p3\"><i>\u2022 Encabeza Secretario de Salud ceremonia por el CXXVIII Natalicio del ex Gobernador del Estado de M\u00e9xico.<\/i><\/p>\n<p class=\"p3\"><i>\u2022 Destaca su labor humanista, cient\u00edfica y pol\u00edtica, as\u00ed como su legado.<\/i><\/p>\n<p class=\"p3\"><b>Tlalnepantla, Estado de M\u00e9xico.- <\/b>La labor humanista, cient\u00edfica y pol\u00edtica de Gustavo Baz Prada es inspiraci\u00f3n para las actuales generaciones de m\u00e9dicos, quienes al seguir su ejemplo han sido parte fundamental en lucha contra el COVID-19 y en la atenci\u00f3n a la salud de las y los mexiquenses.<\/p>\n<p class=\"p3\">Al hablar en representaci\u00f3n del Gobernador Alfredo Del Mazo Maza en la Ceremonia Conmemorativa por el CXXVIII Aniversario del Natalicio del ex Gobernador, Francisco Fern\u00e1ndez Clamont, titular de la Secretar\u00eda de Salud del Estado de M\u00e9xico, destac\u00f3 que son los grandes hombres, quienes con sus obras y legado, han contribuido al engrandecimiento de la entidad.<\/p>\n<p class=\"p3\">Destac\u00f3 que Gustavo Baz Prada fue un servidor que trabaj\u00f3 incansablemente a favor de la sociedad, pues como mandatario estatal impuls\u00f3 grandes obras de beneficio colectivo, como acad\u00e9mico y humanista estableci\u00f3 que los estudiantes realizaran servicio social y as\u00ed beneficiar a la poblaci\u00f3n m\u00e1s vulnerable.<\/p>\n<p class=\"p3\">Como m\u00e9dico, a\u00f1adi\u00f3, perfeccion\u00f3, a nivel internacional, la t\u00e9cnica quir\u00fargica de la apendicectom\u00eda y encabez\u00f3 la industria qu\u00edmica nacional, que desarrollaba la vacuna para prevenir la poliomielitis, gracias a lo cual, en la actualidad, M\u00e9xico tiene m\u00e1s de 30 a\u00f1os sin presentar un caso de esta enfermedad.<\/p>\n<p class=\"p3\">Mientras que como Senador de la Rep\u00fablica, impuls\u00f3 varias iniciativas que a\u00fan rigen nuestra Carta Magna.<\/p>\n<p class=\"p3\">A casi dos a\u00f1os de la pandemia, agreg\u00f3 el tambi\u00e9n Director General del Instituto de Salud del Estado de M\u00e9xico (ISEM), son los grandes hombres los que inspiran para dar la lucha ante el reto que significa la emergencia sanitaria, pues es su vocaci\u00f3n y profesionalismo el que ha prevalecido para atender a los mexiquenses afectados por COVID-19.<\/p>\n<p class=\"p3\">Fern\u00e1ndez Clamont enfatiz\u00f3 que es justo reconocer al personal de Salud de todas las instituciones, pues su labor, entrega y compromiso han sido parte fundamental para lograr que, a la fecha, 10.8 millones de personas est\u00e9n vacunados contra esta enfermedad.<\/p>\n<p class=\"p3\">Por su parte, el Presidente municipal de Tlalnepantla, Marco Antonio Rodr\u00edguez Hurtado, subray\u00f3 la trayectoria del Doctor Gustavo Baz Prada, quien con coraje, inteligencia y determinaci\u00f3n realiz\u00f3 importantes aportaciones en diversos \u00e1mbitos y su vocaci\u00f3n social y profesionalismo como m\u00e9dico lo llev\u00f3 a ser Rector de la Universidad Nacional Aut\u00f3noma de M\u00e9xico (UNAM), desde donde tambi\u00e9n dej\u00f3 huella, al impulsar un proyecto de naci\u00f3n hacia la modernizaci\u00f3n y el desarrollo.<\/p>\n<p class=\"p3\">En la ceremonia estuvieron presentes, en representaci\u00f3n del Poder Legislativo, el Diputado local por el Distrito XVIII, Adri\u00e1n Ju\u00e1rez Jim\u00e9nez, en representaci\u00f3n del Poder Judicial, el coordinador de Asesores del Tribunal Superior de Justicia, Guillermo Cano Galindo.<\/p>\n<p class=\"p3\">De la XXII Zona Militar, acudi\u00f3 el Coronel Pedro Jonguitud Berm\u00fadez, los integrantes del Cabildo de Tlalnepantla y funcionarios de la Secretar\u00eda e ISEM, quienes realizaron una guardia de honor y colocaron una ofrenda floral al pie del monumento del ex Gobernador, ubicado en la explanada del Palacio municipal de Tlalnepantla.<\/p>\n","protected":false},"excerpt":{"rendered":"<div class=\"mh-excerpt\"><p>\u2022 Encabeza Secretario de Salud ceremonia por el CXXVIII Natalicio del ex Gobernador del Estado <a class=\"mh-excerpt-more\" href=\"https:\/\/foro1025.mx\/?p=17592\" title=\"Es Gustavo Baz Prada ejemplo e inspiraci\u00f3n para las nuevas generaciones\">&#8230;<\/a><\/p>\n<\/div>","protected":false},"author":1,"featured_media":0,"comment_status":"closed","ping_status":"closed","sticky":false,"template":"","format":"standard","meta":{"footnotes":""},"categories":[13,16],"tags":[],"class_list":{"0":"post-17592","1":"post","2":"type-post","3":"status-publish","4":"format-standard","6":"category-estado-de-mexico","7":"category-tlalnepantla"},"_links":{"self":[{"href":"https:\/\/foro1025.mx\/index.php?rest_route=\/wp\/v2\/posts\/17592","targetHints":{"allow":["GET"]}}],"collection":[{"href":"https:\/\/foro1025.mx\/index.php?rest_route=\/wp\/v2\/posts"}],"about":[{"href":"https:\/\/foro1025.mx\/index.php?rest_route=\/wp\/v2\/types\/post"}],"author":[{"embeddable":true,"href":"https:\/\/foro1025.mx\/index.php?rest_route=\/wp\/v2\/users\/1"}],"replies":[{"embeddable":true,"href":"https:\/\/foro1025.mx\/index.php?rest_route=%2Fwp%2Fv2%2Fcomments&post=17592"}],"version-history":[{"count":1,"href":"https:\/\/foro1025.mx\/index.php?rest_route=\/wp\/v2\/posts\/17592\/revisions"}],"predecessor-version":[{"id":17594,"href":"https:\/\/foro1025.mx\/index.php?rest_route=\/wp\/v2\/posts\/17592\/revisions\/17594"}],"wp:attachment":[{"href":"https:\/\/foro1025.mx\/index.php?rest_route=%2Fwp%2Fv2%2Fmedia&parent=17592"}],"wp:term":[{"taxonomy":"category","embeddable":true,"href":"https:\/\/foro1025.mx\/index.php?rest_route=%2Fwp%2Fv2%2Fcategories&post=17592"},{"taxonomy":"post_tag","embeddable":true,"href":"https:\/\/foro1025.mx\/index.php?rest_route=%2Fwp%2Fv2%2Ftags&post=17592"}],"curies":[{"name":"wp","href":"https:\/\/api.w.org\/{rel}","templated":true}]}}