{"id":17595,"date":"2022-02-01T19:03:54","date_gmt":"2022-02-02T01:03:54","guid":{"rendered":"https:\/\/foro1025.mx\/?p=17595"},"modified":"2022-02-01T19:04:13","modified_gmt":"2022-02-02T01:04:13","slug":"integran-jurado-calificador-para-otorgar-la-presea-estado-de-mexico-2021-en-periodismo-e-informacion-leona-vicario","status":"publish","type":"post","link":"https:\/\/foro1025.mx\/?p=17595","title":{"rendered":"Integran jurado calificador para otorgar la Presea Estado de M\u00e9xico 2021 en periodismo e informaci\u00f3n \u00abLeona Vicario\u00bb"},"content":{"rendered":"<p class=\"p3\"><i>\u2022 El registro ser\u00e1 en l\u00ednea, y la fecha l\u00edmite para realizarlo es el 5 de febrero pr\u00f3ximo, en el portal del Gobierno del estado http:\/\/edomex.gob.mx\/registro_presea.<\/i><\/p>\n<p class=\"p3\"><i>\u2022 Invitan a todos los representantes de los medios de comunicaci\u00f3n del Estado de M\u00e9xico a participar.<\/i><\/p>\n<p class=\"p3\"><b>Toluca, Estado de M\u00e9xico.- <\/b>Para reconocer la importancia del quehacer period\u00edstico y fomentar el trabajo de quienes se dedican a informar a la sociedad, se instal\u00f3 el Jurado Calificador de la Presea Estado de M\u00e9xico 2021, en Periodismo e Informaci\u00f3n \u201cLeona Vicario\u201d.<\/p>\n<p class=\"p3\">A trav\u00e9s de la convocatoria para obtener la Presea Estado de M\u00e9xico, el Gobierno mexiquense invita a los profesionales del periodismo y la informaci\u00f3n a participar por este premio, que entrega cada 2 de marzo el Gobierno estatal, desde el a\u00f1o 1983, y que es el m\u00e1ximo reconocimiento p\u00fablico que en diversas \u00e1reas otorga el Gobierno del estado.<\/p>\n<p class=\"p3\">El registro de candidatos ser\u00e1 en l\u00ednea, y la fecha l\u00edmite para llevarlo a cabo ser\u00e1 el 5 de febrero pr\u00f3ximo, en el portal del Gobierno del Estado de M\u00e9xico: http:\/\/edomex.gob.mx\/registro_presea, que est\u00e1 disponible las 24 horas.<\/p>\n<p class=\"p3\">Los integrantes de este jurado valorar\u00e1n elementos como la aplicaci\u00f3n correcta de las t\u00e9cnicas en los diferentes g\u00e9neros period\u00edsticos, la capacidad expresiva en los trabajos, tanto en el campo profesional como en el material entregado para evaluaci\u00f3n, que el trabajo realizado durante el 2021 haya motivado inter\u00e9s en la sociedad, elementos que permiten por medio de im\u00e1genes informar, develar, descubrir o denunciar hechos que beneficien o afecten a la sociedad, entre otros factores.<\/p>\n<p class=\"p3\">El Jurado Calificador de la Presea Estado de M\u00e9xico 2021, en la categor\u00eda Periodismo e Informaci\u00f3n \u201cLeona Vicario\u201d, est\u00e1 presidido por Jorge Alberto P\u00e9rez Zamudio, Coordinador General de Comunicaci\u00f3n Social del Gobierno estatal, Lorena Heb\u00e9 Moreno Serna, en representaci\u00f3n de Rodrigo Espeleta Aladro, Secretario de Justicia y Derechos Humanos.<\/p>\n<p class=\"p3\">Adem\u00e1s, por Diana Mancilla \u00c1lvarez, Presidenta Editora de DigitalMex, Carlos Gonz\u00e1lez, Director de la Agencia Mexiquense de Noticias, en representaci\u00f3n de Rodrigo Jim\u00e9nez Solomon, Director General del Sistema Mexiquense de Medio P\u00fablicos, Carlos Hern\u00e1ndez Zarza, Director de Comunicaci\u00f3n de la Universidad Aut\u00f3noma del Estado de M\u00e9xico (UAEM), en representaci\u00f3n del Dr. Carlos Eduardo Barrera, Rector de la UAEM, y \u00d3scar Glenn, Gerente de Noticias de Ultra Radio.<\/p>\n<p class=\"p3\">Mar\u00eda de la Soledad Leona Camila Vicario Fern\u00e1ndez de San Salvador fue una de las figuras m\u00e1s destacadas de la Guerra de Independencia de M\u00e9xico; naci\u00f3 y falleci\u00f3 en la Ciudad de M\u00e9xico (1789-1842). Ella apoy\u00f3 con todos los medios a su alcance la causa insurgente, exponi\u00e9ndose a multitud de riesgos y penurias.<\/p>\n<p class=\"p3\">Financi\u00f3 con su propia fortuna la insurgencia, desde 1810 actu\u00f3 como mensajera de los insurgentes, envi\u00f3 dinero y medicinas, as\u00ed como tambi\u00e9n les transmit\u00eda informaci\u00f3n y noticias. Colabor\u00f3 y trabaj\u00f3 en la elaboraci\u00f3n de los peri\u00f3dicos El Ilustrador Americano y el Semanario Patri\u00f3tico Americano.<\/p>\n","protected":false},"excerpt":{"rendered":"<div class=\"mh-excerpt\"><p>\u2022 El registro ser\u00e1 en l\u00ednea, y la fecha l\u00edmite para realizarlo es el 5 <a class=\"mh-excerpt-more\" href=\"https:\/\/foro1025.mx\/?p=17595\" title=\"Integran jurado calificador para otorgar la Presea Estado de M\u00e9xico 2021 en periodismo e informaci\u00f3n \u00abLeona Vicario\u00bb\">&#8230;<\/a><\/p>\n<\/div>","protected":false},"author":1,"featured_media":0,"comment_status":"closed","ping_status":"closed","sticky":false,"template":"","format":"standard","meta":{"footnotes":""},"categories":[13],"tags":[],"class_list":{"0":"post-17595","1":"post","2":"type-post","3":"status-publish","4":"format-standard","6":"category-estado-de-mexico"},"_links":{"self":[{"href":"https:\/\/foro1025.mx\/index.php?rest_route=\/wp\/v2\/posts\/17595","targetHints":{"allow":["GET"]}}],"collection":[{"href":"https:\/\/foro1025.mx\/index.php?rest_route=\/wp\/v2\/posts"}],"about":[{"href":"https:\/\/foro1025.mx\/index.php?rest_route=\/wp\/v2\/types\/post"}],"author":[{"embeddable":true,"href":"https:\/\/foro1025.mx\/index.php?rest_route=\/wp\/v2\/users\/1"}],"replies":[{"embeddable":true,"href":"https:\/\/foro1025.mx\/index.php?rest_route=%2Fwp%2Fv2%2Fcomments&post=17595"}],"version-history":[{"count":1,"href":"https:\/\/foro1025.mx\/index.php?rest_route=\/wp\/v2\/posts\/17595\/revisions"}],"predecessor-version":[{"id":17597,"href":"https:\/\/foro1025.mx\/index.php?rest_route=\/wp\/v2\/posts\/17595\/revisions\/17597"}],"wp:attachment":[{"href":"https:\/\/foro1025.mx\/index.php?rest_route=%2Fwp%2Fv2%2Fmedia&parent=17595"}],"wp:term":[{"taxonomy":"category","embeddable":true,"href":"https:\/\/foro1025.mx\/index.php?rest_route=%2Fwp%2Fv2%2Fcategories&post=17595"},{"taxonomy":"post_tag","embeddable":true,"href":"https:\/\/foro1025.mx\/index.php?rest_route=%2Fwp%2Fv2%2Ftags&post=17595"}],"curies":[{"name":"wp","href":"https:\/\/api.w.org\/{rel}","templated":true}]}}