{"id":17624,"date":"2022-02-01T20:42:57","date_gmt":"2022-02-02T02:42:57","guid":{"rendered":"https:\/\/foro1025.mx\/?p=17624"},"modified":"2022-02-01T20:42:57","modified_gmt":"2022-02-02T02:42:57","slug":"coacalco-anuncia-dosis-de-refuerzo-para-adultos-de-50-a-59-anos","status":"publish","type":"post","link":"https:\/\/foro1025.mx\/?p=17624","title":{"rendered":"Coacalco anuncia dosis de refuerzo para adultos de 50 a 59 a\u00f1os"},"content":{"rendered":"<p class=\"p1\"><em>\u2022 Tambi\u00e9n atender\u00e1n a adultos mayores rezagados de 60 a\u00f1os y m\u00e1s.<\/em><\/p>\n<p class=\"p2\">Autoridades de los Gobiernos de M\u00e9xico, el Estado de M\u00e9xico y en coordinaci\u00f3n con el Ayuntamiento de Coacalco, iniciar\u00e1n con la aplicaci\u00f3n de la dosis de refuerzo contra Covid-19, a personas adultas de 50 a 59 a\u00f1os y adultos mayores rezagados de 60 a\u00f1os y m\u00e1s, a partir del martes 1 de febrero.<\/p>\n<p class=\"p2\">El Mtro. David S\u00e1nchez Isidoro, Presidente Municipal de Coacalco dijo que la aplicaci\u00f3n de la vacuna contra el coronavirus es primordial y cuesti\u00f3n de salud p\u00fablica a fin de minimizar los contagios, por lo que invit\u00f3 a los coacalquenses a asistir a las dos sedes en las que dotar\u00e1n los biol\u00f3gicos AztraZeneca.<\/p>\n<p class=\"p2\">La vacunaci\u00f3n de refuerzo (tercera dosis) se realizar\u00e1 de acuerdo a la primera letra del apellido paterno, conforme al siguiente calendario:<\/p>\n<p class=\"p2\">1 de febrero- A , B , C , D , E , F , G , H , I.<\/p>\n<p class=\"p2\">2 de febrero \u2013 J , K , L , M, N , \u00d1 , O , P , Q.<\/p>\n<p class=\"p2\">3 de febrero \u2013 R , S , T , U , V , W , X , Y , Z.<\/p>\n<p class=\"p2\">Los requisitos para vacunarse son: haber completado el esquema de vacunaci\u00f3n, llevar los comprobantes de vacunaci\u00f3n de la primera y segunda dosis, haber cumplido cinco meses de la aplicaci\u00f3n de la segunda dosis.<\/p>\n<p class=\"p2\">Registro impreso<span class=\"Apple-converted-space\">\u00a0 <\/span>del sitio www.mivacuna.salud.gob.mx, con el c\u00f3digo QR , identificaci\u00f3n oficial con domicilio en Coacalco y<span class=\"Apple-converted-space\">\u00a0 <\/span>comprobante de domicilio (\u00fanicamente si no coincide la identificaci\u00f3n oficial con domicilio en Coacalco).<\/p>\n","protected":false},"excerpt":{"rendered":"<div class=\"mh-excerpt\"><p>\u2022 Tambi\u00e9n atender\u00e1n a adultos mayores rezagados de 60 a\u00f1os y m\u00e1s. Autoridades de los <a class=\"mh-excerpt-more\" href=\"https:\/\/foro1025.mx\/?p=17624\" title=\"Coacalco anuncia dosis de refuerzo para adultos de 50 a 59 a\u00f1os\">&#8230;<\/a><\/p>\n<\/div>","protected":false},"author":1,"featured_media":0,"comment_status":"closed","ping_status":"closed","sticky":false,"template":"","format":"standard","meta":{"footnotes":""},"categories":[7,25],"tags":[],"class_list":{"0":"post-17624","1":"post","2":"type-post","3":"status-publish","4":"format-standard","6":"category-coacalco","7":"category-salud-y-ciencia"},"_links":{"self":[{"href":"https:\/\/foro1025.mx\/index.php?rest_route=\/wp\/v2\/posts\/17624","targetHints":{"allow":["GET"]}}],"collection":[{"href":"https:\/\/foro1025.mx\/index.php?rest_route=\/wp\/v2\/posts"}],"about":[{"href":"https:\/\/foro1025.mx\/index.php?rest_route=\/wp\/v2\/types\/post"}],"author":[{"embeddable":true,"href":"https:\/\/foro1025.mx\/index.php?rest_route=\/wp\/v2\/users\/1"}],"replies":[{"embeddable":true,"href":"https:\/\/foro1025.mx\/index.php?rest_route=%2Fwp%2Fv2%2Fcomments&post=17624"}],"version-history":[{"count":1,"href":"https:\/\/foro1025.mx\/index.php?rest_route=\/wp\/v2\/posts\/17624\/revisions"}],"predecessor-version":[{"id":17626,"href":"https:\/\/foro1025.mx\/index.php?rest_route=\/wp\/v2\/posts\/17624\/revisions\/17626"}],"wp:attachment":[{"href":"https:\/\/foro1025.mx\/index.php?rest_route=%2Fwp%2Fv2%2Fmedia&parent=17624"}],"wp:term":[{"taxonomy":"category","embeddable":true,"href":"https:\/\/foro1025.mx\/index.php?rest_route=%2Fwp%2Fv2%2Fcategories&post=17624"},{"taxonomy":"post_tag","embeddable":true,"href":"https:\/\/foro1025.mx\/index.php?rest_route=%2Fwp%2Fv2%2Ftags&post=17624"}],"curies":[{"name":"wp","href":"https:\/\/api.w.org\/{rel}","templated":true}]}}