{"id":17655,"date":"2022-02-09T00:49:33","date_gmt":"2022-02-09T06:49:33","guid":{"rendered":"https:\/\/foro1025.mx\/?p=17655"},"modified":"2022-02-09T01:04:05","modified_gmt":"2022-02-09T07:04:05","slug":"el-pri-unido-se-prepara-para-trabajar-y-ganar-en-2023-alfredo-del-mazo","status":"publish","type":"post","link":"https:\/\/foro1025.mx\/?p=17655","title":{"rendered":"El PRI unido se prepara para trabajar y ganar en 2023: Alfredo Del Mazo"},"content":{"rendered":"\n<p><em>El priismo del Estado de M\u00e9xico es un referente del priismo nacional, que trabaja y se pone de acuerdo para tener un partido unido, preparado y fuerte, se\u00f1al\u00f3 el primer priista de la entidad.<\/em><\/p>\n\n\n\n<p><em>El PRI ser\u00e1 quien elija al candidato o candidata que habr\u00e1 de abanderarnos para la pr\u00f3xima elecci\u00f3n en el 2023, puntualiz\u00f3 Alejandro Moreno C\u00e1rdenas<\/em>.<br><br>Toluca, Estado de M\u00e9xico.- En la CXXI Sesi\u00f3n Extraordinaria del Consejo Pol\u00edtico Estatal del Partido Revolucionario Institucional (PRI), el primer pri\u00edsta mexiquense, Alfredo Del Mazo Maza, asegur\u00f3 que esta instituci\u00f3n pol\u00edtica entra a una nueva etapa donde el pri\u00edsmo del Estado de M\u00e9xico unido se prepara para construir y trabajar junto con la militancia nacional, ya que, dijo, \u201cjuntos construimos m\u00e1s por nuestro M\u00e9xico\u201d. <br><br>Enfatiz\u00f3 que el PRI del Estado de M\u00e9xico siempre ha sido un referente del pri\u00edsmo nacional y reafirm\u00f3 su convicci\u00f3n de trabajar juntos, para ponerse de acuerdo, para tener un PRI unido, preparado y fuerte de cara al 2023. <br><br>Luego de la toma de protesta de Eric Sevilla Montes de Oca, como Presidente del Comit\u00e9 Directivo Estatal del PRI, y de Monserrath Sobreyra Santos, como Secretaria General del Comit\u00e9 Directivo Estatal, por parte del Presidente del Comit\u00e9 Ejecutivo Nacional del Partido Revolucionario Institucional, Alejandro Moreno C\u00e1rdenas, Del Mazo Maza subray\u00f3 que esta renovaci\u00f3n recae en un hombre de experiencia y trabajo, as\u00ed como en una mujer de \u00edmpetu, entrega, dedicaci\u00f3n y fortaleza, y felicit\u00f3 a los nuevos dirigentes estatales. <br><br>\u201c\u00bfQu\u00e9 viene para adelante?, viene un PRI fuerte, un PRI unido, un PRI que trabaje, un PRI que trabaje para ganar en 2023, aqu\u00ed en el Estado de M\u00e9xico tenemos PRI, tenemos PRI por mujeres y hombres de convicci\u00f3n, tenemos PRI que sabr\u00e1 tomar las mejores decisiones, los pri\u00edstas mexiquenses siempre hemos sabido tomar las mejores decisiones, y en los pri\u00edstas mexiquenses, recae la responsabilidad de esas decisiones\u201d, destac\u00f3. <br><br>En el Auditorio \u201cJes\u00fas Alc\u00e1ntara Miranda\u201d del Comit\u00e9 Directivo Estatal, Alfredo Del Mazo destac\u00f3 que con casi 93 a\u00f1os de vida, el Revolucionario Institucional est\u00e1 unido y comparti\u00f3 las coincidencias que tiene con el Presidente del Comit\u00e9 Ejecutivo Nacional del Partido Revolucionario Institucional, Alejandro Moreno, como el de \u201cconstruir un pa\u00eds m\u00e1s justo, m\u00e1s pr\u00f3spero, un pa\u00eds que luche por las causas sociales, un pa\u00eds en paz\u201d, motivo por el cual, dijo, seguir\u00e1n caminando juntos.<br><br>\u201cHoy estamos dando un paso m\u00e1s para seguir fortaleciendo al Estado de M\u00e9xico, primero y lo quiero expresar de esa forma, porque aqu\u00ed est\u00e1 el PRI unido, aqu\u00ed est\u00e1 el PRI fortalecido, aqu\u00ed est\u00e1 el priismo mexiquense, pero tambi\u00e9n el priismo nacional\u201d, refiri\u00f3.<br><br>Manifest\u00f3 que el PRI es un referente hist\u00f3rico de nuestro sistema pol\u00edtico, al ser una instituci\u00f3n con visi\u00f3n incluyente, que lucha por la igualdad y ofrece espacios de expresi\u00f3n que han contribuido a dar rumbo a la naci\u00f3n, y respuesta a los anhelos de justicia social, a trav\u00e9s de su capacidad de adaptaci\u00f3n, lo cual es una de las mayores cualidades del partido.<br><br>Se\u00f1al\u00f3 que el PRI del siglo XXI tiene como compromiso el de preservar y fortalecer la unidad nacional, ya que son las instituciones nuestra mayor fortaleza y la democracia la gran \u00e1rea de oportunidad para construir un nuevo programa de unidad nacional. Por lo que siendo una \u201cinstituci\u00f3n pol\u00edtica hist\u00f3rica, s\u00f3lida y fuerte, el PRI tiene la capacidad de plantear un proyecto de pa\u00eds que refleje el ideario de igualdad y justicia social que \u00e1nimo su fundaci\u00f3n en 1929\u201d.<br><br>Mencion\u00f3 que el M\u00e9xico actual, moderno y din\u00e1mico, se debe a la visi\u00f3n del PRI, a su voluntad de cambio y a su responsabilidad como constructor de instituciones, como instituto pol\u00edtico y como heredero de una tradici\u00f3n pol\u00edtica de altura, que exige adoptar las nuevas causas y promoverlas a trav\u00e9s de la conciliaci\u00f3n y el di\u00e1logo. <br><br>Puntualiz\u00f3 que el objetivo \u00faltimo de la pol\u00edtica es ayudar, principalmente, a los que menos tienen, lo que permite sumar a m\u00e1s gente y ser m\u00e1s eficaces para enfrentar los retos colectivos y expres\u00f3 que el PRI del Estado de M\u00e9xico sabe crecer ante la adversidad, \u201cvenimos de sobreponernos a uno de los retos m\u00e1s grandes que ha tenido el pri\u00edsmo mexiquense en toda su historia\u201d, ya que en 2018 el \u00e1nimo del partido ten\u00eda el reto de remontar, lo cual se logr\u00f3 en 2021, gracias al trabajo de los candidatos y candidatas, de los militantes y estructuras, pero sobre todo por el liderazgo de Alejandra Del Moral, quien supo levantar al partido al saber sumar, resolver las diferencias y articular a todos. <br><br>Adem\u00e1s, se consiguieron cerca de un mill\u00f3n 800 mil votos, casi 250 mil votos m\u00e1s que en 2018, lo que representa que el pri\u00edsmo mexiquense fue el que m\u00e1s creci\u00f3 a nivel nacional, aportando uno de cada cinco votos de los que tiene el Revolucionario Institucional en el pa\u00eds. <br><br>\u201cDespu\u00e9s del a\u00f1o 2018, en donde el \u00e1nimo pri\u00edsta inclusive ten\u00eda un reto para remontar, que se alcanzaba dif\u00edcil de visualizar, en el a\u00f1o 2021, gracias al trabajo de candidatas, de candidatos, de sectores, de organizaciones, de comit\u00e9s, de estructuras, logramos un resultado hist\u00f3rico para el priismo mexiquense, pasamos de tener tres diputaciones federales, a 13 diputaciones federales del Estado, de haber ganado una diputaci\u00f3n local, hoy en d\u00eda tenemos 22 diputados locales, en el Congreso estatal, y hoy tenemos 48 Presidencias municipales, 77 si sumamos la alianza, de 125 municipios\u201d.<br><br>El l\u00edder del PRI del Edom\u00e9x refiri\u00f3 que el mejor ejemplo que pueden brindar quienes representan al partido es haciendo un buen gobierno, porque se dan resultados, se honra la confianza de la poblaci\u00f3n y se construyen mejores oportunidades, por lo que en territorio mexiquense se trabaja para construir un gobierno que entiende la coyuntura que se vive en la entidad, anteponiendo el bienestar de las familias y salir adelante de retos como el sismo de 2017, construir un nuevo escenario pol\u00edtico en 2018 y trabajar por la salud en la pandemia, adem\u00e1s de creer en la mujeres,  sus causas y luchas, ya que, se\u00f1al\u00f3, el presente y el futuro son las mujeres.<br><br>Por su parte, Alejandro Moreno C\u00e1rdenas, Presidente del Comit\u00e9 Ejecutivo Nacional del PRI, reconoci\u00f3 el trabajo realizado por Alfredo Del Mazo Maza, quien, refiri\u00f3,  es un ejemplo de dirigencia, pues indic\u00f3 que ha mantenido altos niveles de desempe\u00f1o durante cinco a\u00f1os de gobierno en una de las entidades que constantemente enfrenta retos y desaf\u00edos, donde ha estado a la altura de la demanda de los mexiquenses, preocupado por las necesidades de la ciudadan\u00eda.<\/p>\n\n\n\n<figure class=\"wp-block-image size-large\"><img decoding=\"async\" src=\"https:\/\/secureservercdn.net\/50.62.89.79\/1bc.68b.myftpupload.com\/wp-content\/uploads\/2022\/02\/img-20220209-wa00003077493373650288170.jpg?time=1644389326\" alt=\"\" class=\"wp-image-17654\"\/><\/figure>\n\n\n\n<p>Declar\u00f3 que en el proceso electoral para renovar el Gobierno del Estado de M\u00e9xico ser\u00e1 la batalla m\u00e1s importante que el pri\u00edsmo mexiquense haya librado, por lo que se deben reforzar las cualidades que han hecho del PRI la fuerza pol\u00edtica m\u00e1s importante del estado, y anunci\u00f3 que \u201cvamos  a encargarnos juntos todos de llevar a puerto seguro la gesti\u00f3n de nuestro Gobernador, con la firme convicci\u00f3n de que su sexto a\u00f1o de gobierno culmine como un sexenio de resultados, de conquistas, de beneficios para todos los mexiquenses. <br \/><br \/>\u201cEs mi compromiso cerrar los acuerdos para que nuestra coalici\u00f3n se haga presente en el Estado de M\u00e9xico para el 2023 y aqu\u00ed, en presencia de nuestra militancia y de nuestro compa\u00f1ero Alfredo Del Mazo, le decimos, el PRI ser\u00e1 quien elija al candidato o candidata que habr\u00e1 de abanderarnos para la pr\u00f3xima elecci\u00f3n en el 2023\u201d.<br \/><br \/>Al hacer uso de la palabra, Eric Sevilla Montes de Oca,  indic\u00f3 que el PRI es un partido resiliente, entusiasta y propositivo, el cual es prestigiado por Del Mazo Maza,  quien, dijo, es un hombre de bien, con talento pol\u00edtico y vocaci\u00f3n democr\u00e1tica. <br \/><br \/>Asimismo, mencion\u00f3 que al asumir la dirigencia partidista, trabajar\u00e1 privilegiando el bien y el progreso a trav\u00e9s del  di\u00e1logo y el escuchar, esto en conjunto con Monserrath Sobreyra Santos, a quien calific\u00f3 como una mujer noble, sensible y cercana a la gente.<br \/><br \/>Alejandra del Moral Vela, Ex Presidenta del Comit\u00e9 Directivo Estatal del PRI, apunt\u00f3 que los logros alcanzados han sido fruto del entendimiento, de la madurez, de la organizaci\u00f3n y del consenso, y son resultado del trabajo conjunto y minucioso realizado por los priistas de la entidad, al mismo tiempo, recalc\u00f3 que el pri\u00edsmo mexiquense unido es invencible y que \u00e9ste construye y trabaja todos los d\u00edas por los mexiquenses.<\/p>\n\n\n\n\n\n<figure class=\"wp-block-gallery has-nested-images columns-default is-cropped wp-block-gallery-1 is-layout-flex wp-block-gallery-is-layout-flex\"><\/figure>\n","protected":false},"excerpt":{"rendered":"<div class=\"mh-excerpt\"><p>El priismo del Estado de M\u00e9xico es un referente del priismo nacional, que trabaja y <a class=\"mh-excerpt-more\" href=\"https:\/\/foro1025.mx\/?p=17655\" title=\"El PRI unido se prepara para trabajar y ganar en 2023: Alfredo Del Mazo\">&#8230;<\/a><\/p>\n<\/div>","protected":false},"author":1,"featured_media":0,"comment_status":"closed","ping_status":"","sticky":false,"template":"","format":"standard","meta":{"footnotes":""},"categories":[38],"tags":[],"class_list":{"0":"post-17655","1":"post","2":"type-post","3":"status-publish","4":"format-standard","6":"category-partidos-politicos-2"},"_links":{"self":[{"href":"https:\/\/foro1025.mx\/index.php?rest_route=\/wp\/v2\/posts\/17655","targetHints":{"allow":["GET"]}}],"collection":[{"href":"https:\/\/foro1025.mx\/index.php?rest_route=\/wp\/v2\/posts"}],"about":[{"href":"https:\/\/foro1025.mx\/index.php?rest_route=\/wp\/v2\/types\/post"}],"author":[{"embeddable":true,"href":"https:\/\/foro1025.mx\/index.php?rest_route=\/wp\/v2\/users\/1"}],"replies":[{"embeddable":true,"href":"https:\/\/foro1025.mx\/index.php?rest_route=%2Fwp%2Fv2%2Fcomments&post=17655"}],"version-history":[{"count":2,"href":"https:\/\/foro1025.mx\/index.php?rest_route=\/wp\/v2\/posts\/17655\/revisions"}],"predecessor-version":[{"id":17657,"href":"https:\/\/foro1025.mx\/index.php?rest_route=\/wp\/v2\/posts\/17655\/revisions\/17657"}],"wp:attachment":[{"href":"https:\/\/foro1025.mx\/index.php?rest_route=%2Fwp%2Fv2%2Fmedia&parent=17655"}],"wp:term":[{"taxonomy":"category","embeddable":true,"href":"https:\/\/foro1025.mx\/index.php?rest_route=%2Fwp%2Fv2%2Fcategories&post=17655"},{"taxonomy":"post_tag","embeddable":true,"href":"https:\/\/foro1025.mx\/index.php?rest_route=%2Fwp%2Fv2%2Ftags&post=17655"}],"curies":[{"name":"wp","href":"https:\/\/api.w.org\/{rel}","templated":true}]}}