{"id":17678,"date":"2022-02-02T11:47:39","date_gmt":"2022-02-02T17:47:39","guid":{"rendered":"https:\/\/foro1025.mx\/?p=17678"},"modified":"2022-02-14T11:54:47","modified_gmt":"2022-02-14T17:54:47","slug":"izcalli-celebra-el-dia-mundial-de-los-humedales","status":"publish","type":"post","link":"https:\/\/foro1025.mx\/?p=17678","title":{"rendered":"Izcalli celebra el \u00abD\u00eda Mundial de los Humedales\u00bb"},"content":{"rendered":"<p class=\"p1\">En el marco del \u00abD\u00eda Mundial de los Humedales\u00bb el gobierno municipal de Cuautitl\u00e1n Izcalli que preside Karla Leticia Fiesco Garc\u00eda, llev\u00f3 a cabo un recorrido por los humedales que se encuentran en el Parque Espejo de los Lirios.<\/p>\n<p class=\"p1\">La alcaldesa destac\u00f3 que este tipo de actividades le permiten a las autoridades detectar las \u00e1reas o acciones que se tienen que fortalecer a trav\u00e9s del Plan de Desarrollo Municipal y el presupuesto. Agreg\u00f3 que los temas de sustentabilidad y medio ambiente son fundamentales para el desarrollo de la ciudad, por lo que est\u00e1 pendiente de los proyectos que se est\u00e1n trabajando en este tema.<\/p>\n<p class=\"p1\">Agradeci\u00f3 a los vecinos y a las asociaciones civiles por su apoyo en las labores de cuidado y rescate del parque. Cabe se\u00f1alar que el parque Espejo de los Lirios es una zona natural y se encuentra dentro del pol\u00edgono del \u00e1rea natural de Zumpango.<\/p>\n<p class=\"p1\">La directora de Sustentabilidad y Medio Ambiente se\u00f1al\u00f3 que en la demarcaci\u00f3n existen alrededor de 20 humedales en los cuerpos de agua, en predios municipales, zonas ejidales y en propiedad privada. Agreg\u00f3 que se lleva a cabo un inventario de aves entre las que se encuentran las migratorias, las cuales llegan a los cuerpos de agua del municipio para despu\u00e9s salir a diversas partes del mundo.<\/p>\n<p class=\"p1\">Por su parte el representante de la Direcci\u00f3n de Sustentabilidad y Medio Ambiente, inform\u00f3 que este a\u00f1o la conmemoraci\u00f3n del \u201cD\u00eda de los Humedales\u201d<span class=\"Apple-converted-space\">\u00a0 <\/span>tiene relevancia, ya que es el primer a\u00f1o en que ser\u00e1 celebrado por la Organizaci\u00f3n de las Naciones Unidas (ONU), con el objetivo de preservar estas \u00e1reas. Puntualiz\u00f3 que los humedales que existen en la demarcaci\u00f3n se encuentran con diferentes caracter\u00edsticas, bien conservados, en un proceso acelerado de degradaci\u00f3n y otros amenazados por el crecimiento de la mancha urbana.<\/p>\n<p class=\"p1\">Agreg\u00f3 que un humedal debe estar en equilibrio por lo que se deben conservar \u00edntegros, adem\u00e1s de que son sumideros de carbono y ayudan a regular la temperatura e impiden el calentamiento global.<\/p>\n<p class=\"p1\">Al recorrido asistieron distintas regidoras y regidores del Cabildo, as\u00ed como servidores p\u00fablicos de diversas \u00e1reas de la administraci\u00f3n.<\/p>\n","protected":false},"excerpt":{"rendered":"<div class=\"mh-excerpt\"><p>En el marco del \u00abD\u00eda Mundial de los Humedales\u00bb el gobierno municipal de Cuautitl\u00e1n Izcalli <a class=\"mh-excerpt-more\" href=\"https:\/\/foro1025.mx\/?p=17678\" title=\"Izcalli celebra el \u00abD\u00eda Mundial de los Humedales\u00bb\">&#8230;<\/a><\/p>\n<\/div>","protected":false},"author":1,"featured_media":0,"comment_status":"closed","ping_status":"closed","sticky":false,"template":"","format":"standard","meta":{"footnotes":""},"categories":[29],"tags":[],"class_list":{"0":"post-17678","1":"post","2":"type-post","3":"status-publish","4":"format-standard","6":"category-cuautitlan-izcalli"},"_links":{"self":[{"href":"https:\/\/foro1025.mx\/index.php?rest_route=\/wp\/v2\/posts\/17678","targetHints":{"allow":["GET"]}}],"collection":[{"href":"https:\/\/foro1025.mx\/index.php?rest_route=\/wp\/v2\/posts"}],"about":[{"href":"https:\/\/foro1025.mx\/index.php?rest_route=\/wp\/v2\/types\/post"}],"author":[{"embeddable":true,"href":"https:\/\/foro1025.mx\/index.php?rest_route=\/wp\/v2\/users\/1"}],"replies":[{"embeddable":true,"href":"https:\/\/foro1025.mx\/index.php?rest_route=%2Fwp%2Fv2%2Fcomments&post=17678"}],"version-history":[{"count":1,"href":"https:\/\/foro1025.mx\/index.php?rest_route=\/wp\/v2\/posts\/17678\/revisions"}],"predecessor-version":[{"id":17680,"href":"https:\/\/foro1025.mx\/index.php?rest_route=\/wp\/v2\/posts\/17678\/revisions\/17680"}],"wp:attachment":[{"href":"https:\/\/foro1025.mx\/index.php?rest_route=%2Fwp%2Fv2%2Fmedia&parent=17678"}],"wp:term":[{"taxonomy":"category","embeddable":true,"href":"https:\/\/foro1025.mx\/index.php?rest_route=%2Fwp%2Fv2%2Fcategories&post=17678"},{"taxonomy":"post_tag","embeddable":true,"href":"https:\/\/foro1025.mx\/index.php?rest_route=%2Fwp%2Fv2%2Ftags&post=17678"}],"curies":[{"name":"wp","href":"https:\/\/api.w.org\/{rel}","templated":true}]}}