{"id":17685,"date":"2022-02-03T11:58:51","date_gmt":"2022-02-03T17:58:51","guid":{"rendered":"https:\/\/foro1025.mx\/?p=17685"},"modified":"2022-02-14T12:02:07","modified_gmt":"2022-02-14T18:02:07","slug":"ediles-aprueban-estimulos-fiscales-y-descuentos-en-favor-de-la-ciudadania-izcallense","status":"publish","type":"post","link":"https:\/\/foro1025.mx\/?p=17685","title":{"rendered":"Ediles aprueban est\u00edmulos fiscales y descuentos en favor de la ciudadan\u00eda izcallense"},"content":{"rendered":"<p class=\"p1\"><em>&#8211; En sesi\u00f3n ordinaria aprobaron bonificaci\u00f3n del 100 por ciento en impuestos para beneficiarios de programas del IMEVIS<\/em><\/p>\n<p class=\"p1\"><em>&#8211; Secretario del Ayuntamiento encabezar\u00e1 el Comit\u00e9 de Bienes Muebles e Inmuebles de Cuautitl\u00e1n Izcalli 2022- 2024<\/em><\/p>\n<p class=\"p1\">El Cabildo de Cuautitl\u00e1n Izcalli que preside Karla Leticia Fiesco Garc\u00eda aprob\u00f3 la implementaci\u00f3n de est\u00edmulos fiscales y descuentos en distintos servicios en beneficio de la poblaci\u00f3n izcallense durante la cuarta sesi\u00f3n ordinaria.<\/p>\n<p class=\"p1\">La reuni\u00f3n fue celebrada esta ma\u00f1ana en el Jard\u00edn del Arte y en ella se acord\u00f3 que el primer beneficio otorgar\u00e1 una bonificaci\u00f3n del 100 por ciento en el cobro del impuesto predial, impuesto sobre adquisici\u00f3n de inmuebles y otras operaciones traslativas de dominio de inmuebles durante 2022, a favor de los beneficiarios de los programas de regularizaci\u00f3n de la tenencia de la tierra implementados por el Instituto Mexiquense de la Vivienda Social (IMEVIS).<\/p>\n<p class=\"p1\">Asimismo, el Cabildo que encabeza la alcaldesa, Karla Fiesco, autoriz\u00f3 la exenci\u00f3n del 100 por ciento en el pago de derechos por matrimonios, reconocimiento de hijos, expedici\u00f3n de copias certificadas de nacimiento, adem\u00e1s de los tr\u00e1mites correspondientes a campa\u00f1as extraordinarias del registro civil, tales como matrimonios colectivos, regularizaci\u00f3n del estado civil de las personas recluidas en centros penitenciarios, registro de nacimientos extempor\u00e1neos, as\u00ed como todos aquellos donde interviene el registro civil, lo anterior a trav\u00e9s del programa \u00abOficial\u00eda M\u00f3vil EDOM\u00c9X\u00bb.<\/p>\n<p class=\"p1\">En otros asuntos, se llev\u00f3 a cabo la integraci\u00f3n del Comit\u00e9 de Bienes Muebles e Inmuebles de Cuautitl\u00e1n Izcalli por el per\u00edodo 2022-2024, quedando de la siguiente manera: Miguel \u00c1ngel Guti\u00e9rrez Pilloni, secretario del ayuntamiento y presidente del Comit\u00e9; Martha M\u00f3nica V\u00e1zquez, contralora municipal y secretaria ejecutiva; como vocales fueron nombrados Perla Ivonne Blanco Calder\u00f3n, segunda s\u00edndica; Ricardo Santos Arreola, Tesorero Municipal; y Sandra Iv\u00f3n Bobadilla Bustamante, titular de la Direcci\u00f3n Jur\u00eddica.<\/p>\n<p class=\"p1\">Durante el punto correspondiente a los asuntos generales, la alcaldesa inform\u00f3 a los miembros del Cabildo y ciudadan\u00eda en general que, a trav\u00e9s de la Direcci\u00f3n de Normatividad y en cumplimiento con la ley, fueron retirados los sellos de clausura en seis estacionamientos p\u00fablicos, ya que el plazo de vencimiento ten\u00eda fecha al pasado 29 de diciembre de 2021, adem\u00e1s que los estacionamientos en cuesti\u00f3n cumplieron con el procedimiento legal.<\/p>\n<p class=\"p1\">Inform\u00f3 que en los pr\u00f3ximos d\u00edas realizar\u00e1 la propuesta formal para la implementaci\u00f3n de una unidad especializada para la atenci\u00f3n de quejas y denuncias, denominada \u201cProcuradur\u00eda Municipal para la Emergencia de los Usuarios de los Estacionamientos de Cuautitl\u00e1n Izcalli\u201d, con el objetivo de velar por los derechos de los ciudadanos que utilicen este servicio.<\/p>\n<p class=\"p1\">Finalmente, agreg\u00f3 que en conjunto con el sector empresarial se trabajar\u00e1 de manera coordinada para velar por los derechos de los usuarios y garantizar la seguridad personal y patrimonial de los mismos, \u201csabemos que la decisi\u00f3n no es sencilla y mucho menos es popular, pero es basada en la ley, en la claridad y la transparencia que quiero expresar a ustedes y a la ciudadan\u00eda, pero en todo momento estar\u00e9 procurando el respeto al derecho de todas y todos\u201d, dijo Karla Fiesco.<\/p>\n","protected":false},"excerpt":{"rendered":"<div class=\"mh-excerpt\"><p>&#8211; En sesi\u00f3n ordinaria aprobaron bonificaci\u00f3n del 100 por ciento en impuestos para beneficiarios de <a class=\"mh-excerpt-more\" href=\"https:\/\/foro1025.mx\/?p=17685\" title=\"Ediles aprueban est\u00edmulos fiscales y descuentos en favor de la ciudadan\u00eda izcallense\">&#8230;<\/a><\/p>\n<\/div>","protected":false},"author":1,"featured_media":0,"comment_status":"closed","ping_status":"closed","sticky":false,"template":"","format":"standard","meta":{"footnotes":""},"categories":[29],"tags":[],"class_list":{"0":"post-17685","1":"post","2":"type-post","3":"status-publish","4":"format-standard","6":"category-cuautitlan-izcalli"},"_links":{"self":[{"href":"https:\/\/foro1025.mx\/index.php?rest_route=\/wp\/v2\/posts\/17685","targetHints":{"allow":["GET"]}}],"collection":[{"href":"https:\/\/foro1025.mx\/index.php?rest_route=\/wp\/v2\/posts"}],"about":[{"href":"https:\/\/foro1025.mx\/index.php?rest_route=\/wp\/v2\/types\/post"}],"author":[{"embeddable":true,"href":"https:\/\/foro1025.mx\/index.php?rest_route=\/wp\/v2\/users\/1"}],"replies":[{"embeddable":true,"href":"https:\/\/foro1025.mx\/index.php?rest_route=%2Fwp%2Fv2%2Fcomments&post=17685"}],"version-history":[{"count":1,"href":"https:\/\/foro1025.mx\/index.php?rest_route=\/wp\/v2\/posts\/17685\/revisions"}],"predecessor-version":[{"id":17687,"href":"https:\/\/foro1025.mx\/index.php?rest_route=\/wp\/v2\/posts\/17685\/revisions\/17687"}],"wp:attachment":[{"href":"https:\/\/foro1025.mx\/index.php?rest_route=%2Fwp%2Fv2%2Fmedia&parent=17685"}],"wp:term":[{"taxonomy":"category","embeddable":true,"href":"https:\/\/foro1025.mx\/index.php?rest_route=%2Fwp%2Fv2%2Fcategories&post=17685"},{"taxonomy":"post_tag","embeddable":true,"href":"https:\/\/foro1025.mx\/index.php?rest_route=%2Fwp%2Fv2%2Ftags&post=17685"}],"curies":[{"name":"wp","href":"https:\/\/api.w.org\/{rel}","templated":true}]}}