{"id":17688,"date":"2022-02-03T12:04:16","date_gmt":"2022-02-03T18:04:16","guid":{"rendered":"https:\/\/foro1025.mx\/?p=17688"},"modified":"2022-02-14T12:04:40","modified_gmt":"2022-02-14T18:04:40","slug":"arranca-rehabilitacion-de-estancias-infantiles-en-izcalli","status":"publish","type":"post","link":"https:\/\/foro1025.mx\/?p=17688","title":{"rendered":"Arranca rehabilitaci\u00f3n de estancias infantiles en Izcalli"},"content":{"rendered":"<p class=\"p1\"><em>&#8211; La alcaldesa Karla Fiesco se compromete a crear espacios dignos y seguros para la ni\u00f1ez<\/em><\/p>\n<p class=\"p1\"><em>&#8211; Estancia Infantil de Infonavit Norte, primera en recibir equipamiento<\/em><\/p>\n<p class=\"p1\">La presidenta municipal de Cuautitl\u00e1n Izcalli, Karla Leticia Fiesco Garc\u00eda, puso en marcha los trabajos de rehabilitaci\u00f3n y equipamiento de la Estancia Infantil de Infonavit Norte con los que pretende mejorar el entorno y bienestar de la ni\u00f1ez izcallense.<\/p>\n<p class=\"p1\">Durante el arranque de la rehabilitaci\u00f3n la alcaldesa Fiesco Garc\u00eda coment\u00f3 que uno de los compromisos de su administraci\u00f3n es velar y salvaguardar la integridad de las ni\u00f1as, ni\u00f1os y adolescentes del municipio, por lo que es indispensable contar con espacios seguros que les brinden las herramientas \u00f3ptimas para su desarrollo. \u00abEl futuro est\u00e1 aqu\u00ed, en ellos y en ellas\u00bb, refiri\u00f3.<\/p>\n<p class=\"p1\">De igual manera sostuvo que este es solo el inicio de la Jornada de Rehabilitaci\u00f3n de las estancias, pues se trabajar\u00e1 en un modelo de espacios apropiados para la ni\u00f1ez en todo el territorio.<\/p>\n<p class=\"p1\">Al evento asisti\u00f3 la presidenta del Sistema Municipal DIF, Jessica Villase\u00f1or Garc\u00eda, quien asegur\u00f3 que las estancias infantiles son un espacio de cobijo que marcan el desarrollo en la primera infancia; la directora de la Estancia Infantil Infonavit Norte, Elizabet Salcedo Rosales, cuyo mensaje fue dedicado a agradecer a nombre de la comunidad escolar los trabajos de rehabilitaci\u00f3n que favorecen el bienestar de las ni\u00f1as y ni\u00f1os, en este sentido enfatiz\u00f3 que los padres de familia tendr\u00e1n mayor confianza de dejar a sus hijos en un espacio seguro y con personal docente capacitado que los atiende de diariamente.<\/p>\n<p class=\"p1\">Al evento tambi\u00e9n asistieron Isanami Paredes Torres, Directora del Sistema Municipal DIF; Julio C\u00e9sar Salinas Padilla, Subdirector de Servicios Educativos del DIF, as\u00ed como el personal docente de la estancia y padres de familia.<\/p>\n","protected":false},"excerpt":{"rendered":"<div class=\"mh-excerpt\"><p>&#8211; La alcaldesa Karla Fiesco se compromete a crear espacios dignos y seguros para la <a class=\"mh-excerpt-more\" href=\"https:\/\/foro1025.mx\/?p=17688\" title=\"Arranca rehabilitaci\u00f3n de estancias infantiles en Izcalli\">&#8230;<\/a><\/p>\n<\/div>","protected":false},"author":1,"featured_media":0,"comment_status":"closed","ping_status":"closed","sticky":false,"template":"","format":"standard","meta":{"footnotes":""},"categories":[29],"tags":[],"class_list":{"0":"post-17688","1":"post","2":"type-post","3":"status-publish","4":"format-standard","6":"category-cuautitlan-izcalli"},"_links":{"self":[{"href":"https:\/\/foro1025.mx\/index.php?rest_route=\/wp\/v2\/posts\/17688","targetHints":{"allow":["GET"]}}],"collection":[{"href":"https:\/\/foro1025.mx\/index.php?rest_route=\/wp\/v2\/posts"}],"about":[{"href":"https:\/\/foro1025.mx\/index.php?rest_route=\/wp\/v2\/types\/post"}],"author":[{"embeddable":true,"href":"https:\/\/foro1025.mx\/index.php?rest_route=\/wp\/v2\/users\/1"}],"replies":[{"embeddable":true,"href":"https:\/\/foro1025.mx\/index.php?rest_route=%2Fwp%2Fv2%2Fcomments&post=17688"}],"version-history":[{"count":1,"href":"https:\/\/foro1025.mx\/index.php?rest_route=\/wp\/v2\/posts\/17688\/revisions"}],"predecessor-version":[{"id":17690,"href":"https:\/\/foro1025.mx\/index.php?rest_route=\/wp\/v2\/posts\/17688\/revisions\/17690"}],"wp:attachment":[{"href":"https:\/\/foro1025.mx\/index.php?rest_route=%2Fwp%2Fv2%2Fmedia&parent=17688"}],"wp:term":[{"taxonomy":"category","embeddable":true,"href":"https:\/\/foro1025.mx\/index.php?rest_route=%2Fwp%2Fv2%2Fcategories&post=17688"},{"taxonomy":"post_tag","embeddable":true,"href":"https:\/\/foro1025.mx\/index.php?rest_route=%2Fwp%2Fv2%2Ftags&post=17688"}],"curies":[{"name":"wp","href":"https:\/\/api.w.org\/{rel}","templated":true}]}}