{"id":17716,"date":"2022-02-10T13:21:32","date_gmt":"2022-02-10T19:21:32","guid":{"rendered":"https:\/\/foro1025.mx\/?p=17716"},"modified":"2022-02-14T13:22:42","modified_gmt":"2022-02-14T19:22:42","slug":"izcalli-ciudad-ordenada-busca-el-bienestar-social-y-la-salud-de-las-familias-izcallenses","status":"publish","type":"post","link":"https:\/\/foro1025.mx\/?p=17716","title":{"rendered":"Izcalli Ciudad Ordenada busca el bienestar social y la salud de las familias izcallenses"},"content":{"rendered":"<p class=\"p1\">Se llev\u00f3 a cabo el Foro 2: Izcalli Ciudad Ordenada a fin de promover la participaci\u00f3n social para captar y considerar las propuestas y aportaciones de la sociedad izcallense para la elaboraci\u00f3n del Plan de Desarrollo Municipal de Cuautitl\u00e1n Izcalli 2022-2024.<\/p>\n<p class=\"p1\">A cargo de Rodolfo Mart\u00ednez Mu\u00f1oz, Director de Grupo Constructor Premurhe expuso el tema \u201c\u00bfSabes la importancia de agua y sus beneficios?\u201d, donde se destac\u00f3 que el agua es un tema esencial para los seres humanos al ser la encargada de transportar nutrientes importantes al cuerpo humano.<\/p>\n<p class=\"p1\">Asimismo, recalcando la importancia de cuidar la salud de las familias izcallenses, a trav\u00e9s del tratamiento de aguas residuales separando la carga org\u00e1nica que contienen y as\u00ed eliminar residuos y contaminantes, esto dentro del \u201cPrograma para el tratamiento de aguas residuales, potabilizaci\u00f3n del agua y residuos s\u00f3lidos urbanos\u201d, como ponente el Ing. \u00c1ngel Maldonado Vel\u00e1zquez, miembro acad\u00e9mico de la Facultad de Estudios Superiores Acatl\u00e1n, de la Universidad Nacional Aut\u00f3noma de M\u00e9xico (UNAM).<\/p>\n<p class=\"p1\">Finalmente, la acad\u00e9mica Rosa Alejandra Guzm\u00e1n Mart\u00ednez de la Facultad de Estudios Superiores Acatl\u00e1n, de la Universidad Nacional Aut\u00f3noma de M\u00e9xico (UNAM) habl\u00f3 sobre \u201cEl deterioro ambiental y acciones de sustentabilidad en Cuautitl\u00e1n Izcalli\u201d, se\u00f1alando que el medio ambiente se ha afectado de manera considerable debido a la contaminaci\u00f3n del agua, aire, suelo, la tala, e incluso las actividades incorrectas de los humanos, por lo que resulta importante desarrollar acciones para generar un bienestar social y aprovechar de manera responsable el medio ambiente.<\/p>\n","protected":false},"excerpt":{"rendered":"<div class=\"mh-excerpt\"><p>Se llev\u00f3 a cabo el Foro 2: Izcalli Ciudad Ordenada a fin de promover la <a class=\"mh-excerpt-more\" href=\"https:\/\/foro1025.mx\/?p=17716\" title=\"Izcalli Ciudad Ordenada busca el bienestar social y la salud de las familias izcallenses\">&#8230;<\/a><\/p>\n<\/div>","protected":false},"author":1,"featured_media":0,"comment_status":"closed","ping_status":"closed","sticky":false,"template":"","format":"standard","meta":{"footnotes":""},"categories":[29],"tags":[],"class_list":{"0":"post-17716","1":"post","2":"type-post","3":"status-publish","4":"format-standard","6":"category-cuautitlan-izcalli"},"_links":{"self":[{"href":"https:\/\/foro1025.mx\/index.php?rest_route=\/wp\/v2\/posts\/17716","targetHints":{"allow":["GET"]}}],"collection":[{"href":"https:\/\/foro1025.mx\/index.php?rest_route=\/wp\/v2\/posts"}],"about":[{"href":"https:\/\/foro1025.mx\/index.php?rest_route=\/wp\/v2\/types\/post"}],"author":[{"embeddable":true,"href":"https:\/\/foro1025.mx\/index.php?rest_route=\/wp\/v2\/users\/1"}],"replies":[{"embeddable":true,"href":"https:\/\/foro1025.mx\/index.php?rest_route=%2Fwp%2Fv2%2Fcomments&post=17716"}],"version-history":[{"count":1,"href":"https:\/\/foro1025.mx\/index.php?rest_route=\/wp\/v2\/posts\/17716\/revisions"}],"predecessor-version":[{"id":17718,"href":"https:\/\/foro1025.mx\/index.php?rest_route=\/wp\/v2\/posts\/17716\/revisions\/17718"}],"wp:attachment":[{"href":"https:\/\/foro1025.mx\/index.php?rest_route=%2Fwp%2Fv2%2Fmedia&parent=17716"}],"wp:term":[{"taxonomy":"category","embeddable":true,"href":"https:\/\/foro1025.mx\/index.php?rest_route=%2Fwp%2Fv2%2Fcategories&post=17716"},{"taxonomy":"post_tag","embeddable":true,"href":"https:\/\/foro1025.mx\/index.php?rest_route=%2Fwp%2Fv2%2Ftags&post=17716"}],"curies":[{"name":"wp","href":"https:\/\/api.w.org\/{rel}","templated":true}]}}