{"id":17719,"date":"2022-02-10T13:23:00","date_gmt":"2022-02-10T19:23:00","guid":{"rendered":"https:\/\/foro1025.mx\/?p=17719"},"modified":"2022-02-14T13:24:24","modified_gmt":"2022-02-14T19:24:24","slug":"se-entrego-equipo-desinfectante-en-la-escuela-primaria-felipe-villanueva","status":"publish","type":"post","link":"https:\/\/foro1025.mx\/?p=17719","title":{"rendered":"Se entreg\u00f3 equipo desinfectante en la Escuela Primaria Felipe Villanueva"},"content":{"rendered":"<p class=\"p1\"><em>&#8211; Se entreg\u00f3 equipo desinfectante en la Escuela Primaria Felipe Villanueva<\/em><\/p>\n<p class=\"p1\"><em>&#8211; Se prev\u00e9 la instalaci\u00f3n de botones de p\u00e1nico en escuelas primarias<\/em><\/p>\n<p class=\"p1\">Como medida preventiva ante COVID-19 y con la finalidad de la ni\u00f1ez izcallense contin\u00fae desarroll\u00e1ndose acad\u00e9micamente y de manera segura, el Gobierno Municipal de Cuautitl\u00e1n Izcalli a trav\u00e9s de la Direcci\u00f3n de Desarrollo Social y la Subdirecci\u00f3n de Bienestar Social acudi\u00f3 a la entrega de equipo desinfectante en la Escuela Primaria Felipe Villanueva ubicada en Santa Mar\u00eda Guadalupe las Torres, Cuautitl\u00e1n Izcalli.<\/p>\n<p class=\"p1\">Las autoridades del municipio equiparon a la escuela con gel antibacterial, caretas, cubrebocas e insumos adecuados para alumnos y profesores, los cuales ayudar\u00e1n al cuidado adecuado de la poblaci\u00f3n escolar.<\/p>\n<p class=\"p1\">La limpieza y desinfecci\u00f3n forman parte de un enfoque de salud amplio para prevenir enfermedades infecciosas en las escuelas, por lo que durante la entrega tambi\u00e9n se sostuvo una pl\u00e1tica en la que se escucharon las peticiones y necesidades de las autoridades acad\u00e9micas para que los estudiantes cuenten con instalaciones \u00f3ptimas.<\/p>\n<p class=\"p1\">Durante la visita en la escuela, las y los representantes del gobierno de Cuautitl\u00e1n Izcalli mencionaron que en coordinaci\u00f3n con Desarrollo Social y la Secretaria de Seguridad P\u00fablica del Gobierno del Estado, se llevar\u00e1 a cabo la instalaci\u00f3n de botones de p\u00e1nico enlazados con Seguridad P\u00fablica del Municipio, en esta escuela y otras escuelas de la zona, con el fin de salvaguardar la seguridad de las y los ni\u00f1os izcallenses.<\/p>\n<p class=\"p1\">Al evento asistieron autoridades escolares y la ciudadana representante del Comit\u00e9 de Salud y Mesa Directiva de Padres de Familia.<\/p>\n","protected":false},"excerpt":{"rendered":"<div class=\"mh-excerpt\"><p>&#8211; Se entreg\u00f3 equipo desinfectante en la Escuela Primaria Felipe Villanueva &#8211; Se prev\u00e9 la <a class=\"mh-excerpt-more\" href=\"https:\/\/foro1025.mx\/?p=17719\" title=\"Se entreg\u00f3 equipo desinfectante en la Escuela Primaria Felipe Villanueva\">&#8230;<\/a><\/p>\n<\/div>","protected":false},"author":1,"featured_media":0,"comment_status":"closed","ping_status":"closed","sticky":false,"template":"","format":"standard","meta":{"footnotes":""},"categories":[29],"tags":[],"class_list":{"0":"post-17719","1":"post","2":"type-post","3":"status-publish","4":"format-standard","6":"category-cuautitlan-izcalli"},"_links":{"self":[{"href":"https:\/\/foro1025.mx\/index.php?rest_route=\/wp\/v2\/posts\/17719","targetHints":{"allow":["GET"]}}],"collection":[{"href":"https:\/\/foro1025.mx\/index.php?rest_route=\/wp\/v2\/posts"}],"about":[{"href":"https:\/\/foro1025.mx\/index.php?rest_route=\/wp\/v2\/types\/post"}],"author":[{"embeddable":true,"href":"https:\/\/foro1025.mx\/index.php?rest_route=\/wp\/v2\/users\/1"}],"replies":[{"embeddable":true,"href":"https:\/\/foro1025.mx\/index.php?rest_route=%2Fwp%2Fv2%2Fcomments&post=17719"}],"version-history":[{"count":1,"href":"https:\/\/foro1025.mx\/index.php?rest_route=\/wp\/v2\/posts\/17719\/revisions"}],"predecessor-version":[{"id":17721,"href":"https:\/\/foro1025.mx\/index.php?rest_route=\/wp\/v2\/posts\/17719\/revisions\/17721"}],"wp:attachment":[{"href":"https:\/\/foro1025.mx\/index.php?rest_route=%2Fwp%2Fv2%2Fmedia&parent=17719"}],"wp:term":[{"taxonomy":"category","embeddable":true,"href":"https:\/\/foro1025.mx\/index.php?rest_route=%2Fwp%2Fv2%2Fcategories&post=17719"},{"taxonomy":"post_tag","embeddable":true,"href":"https:\/\/foro1025.mx\/index.php?rest_route=%2Fwp%2Fv2%2Ftags&post=17719"}],"curies":[{"name":"wp","href":"https:\/\/api.w.org\/{rel}","templated":true}]}}