{"id":17725,"date":"2022-02-07T13:26:50","date_gmt":"2022-02-07T19:26:50","guid":{"rendered":"https:\/\/foro1025.mx\/?p=17725"},"modified":"2022-02-14T13:30:04","modified_gmt":"2022-02-14T19:30:04","slug":"rinde-protesta-comite-de-salud-en-atizapan-de-zaragoza","status":"publish","type":"post","link":"https:\/\/foro1025.mx\/?p=17725","title":{"rendered":"Rinde protesta Comit\u00e9 de Salud en Atizap\u00e1n de Zaragoza"},"content":{"rendered":"<p class=\"p1\">El Gobierno de Atizap\u00e1n de Zaragoza instal\u00f3 el Comit\u00e9 Municipal de Salud a fin de prevenir posibles enfermedades o padecimientos en la poblaci\u00f3n atizapense.<\/p>\n<p class=\"p1\">Fue el Presidente Municipal de esta demarcaci\u00f3n, quien tom\u00f3 protesta a los miembros del Comit\u00e9, los cuales se comprometieron a coadyuvar con los tres \u00f3rdenes de Gobierno para procurar la salud de los atizapenses.<\/p>\n<p class=\"p1\">El Comit\u00e9 tiene como fin el implementar pol\u00edticas p\u00fablicas para fomentar la aplicaci\u00f3n y respeto de las medidas de seguridad sanitaria, as\u00ed como mantener e impulsar canales de comunicaci\u00f3n permanente con los ciudadanos.<\/p>\n<p class=\"p1\">Miguel de Jes\u00fas Fuentes Flores, Normativo Jurisdiccional de Epidemiolog\u00eda, expres\u00f3 que es necesario implementar programas de asistencia y de apoyo a poblaci\u00f3n para crear entornos saludables, comunidades saludables y llevar a cabo un plan de trabajo participativo.<\/p>\n<p class=\"p1\">En tanto, Alonso Guti\u00e9rrez Novelo, Director del Instituto Mexiquense Contra las Adicciones, destac\u00f3 que debido a la pandemia de COVID-19, se incrementaron los casos de trastornos afectivos y ansiosos. Indic\u00f3 tambi\u00e9n que se present\u00f3 un incremento en el consumo de sustancias psicoactivas, por lo que se debe trabajar en directrices para atender este tipo de padecimientos.<\/p>\n<p class=\"p1\">A la conformaci\u00f3n del Comit\u00e9 Municipal de Salud asistieron: Rafael Cutz Blancas, Jefe de la Jurisdicci\u00f3n Sanitaria de Atizap\u00e1n de Zaragoza; Juana Mendoza Becerril, Directora del Sistema DIF Municipal; Armando Rodr\u00edguez Zavala, Jefe de Regulaci\u00f3n Sanitaria de Atizap\u00e1n de Zaragoza; V\u00edctor Manuel G\u00f3mez Valencia, Coordinador Normativo de Promoci\u00f3n de la Salud; Martha Alejandra Romero Pinz\u00f3n, Directora del Centro de Atenci\u00f3n Primaria de Atizap\u00e1n (CAPA), as\u00ed como regidores y directores de la Administraci\u00f3n.<\/p>\n<p class=\"p1\">Tambi\u00e9n asistieron representantes del Centro de Integraci\u00f3n Juv<\/p>\n","protected":false},"excerpt":{"rendered":"<div class=\"mh-excerpt\"><p>El Gobierno de Atizap\u00e1n de Zaragoza instal\u00f3 el Comit\u00e9 Municipal de Salud a fin de <a class=\"mh-excerpt-more\" href=\"https:\/\/foro1025.mx\/?p=17725\" title=\"Rinde protesta Comit\u00e9 de Salud en Atizap\u00e1n de Zaragoza\">&#8230;<\/a><\/p>\n<\/div>","protected":false},"author":1,"featured_media":0,"comment_status":"closed","ping_status":"closed","sticky":false,"template":"","format":"standard","meta":{"footnotes":""},"categories":[1],"tags":[],"class_list":{"0":"post-17725","1":"post","2":"type-post","3":"status-publish","4":"format-standard","6":"category-atizapan"},"_links":{"self":[{"href":"https:\/\/foro1025.mx\/index.php?rest_route=\/wp\/v2\/posts\/17725","targetHints":{"allow":["GET"]}}],"collection":[{"href":"https:\/\/foro1025.mx\/index.php?rest_route=\/wp\/v2\/posts"}],"about":[{"href":"https:\/\/foro1025.mx\/index.php?rest_route=\/wp\/v2\/types\/post"}],"author":[{"embeddable":true,"href":"https:\/\/foro1025.mx\/index.php?rest_route=\/wp\/v2\/users\/1"}],"replies":[{"embeddable":true,"href":"https:\/\/foro1025.mx\/index.php?rest_route=%2Fwp%2Fv2%2Fcomments&post=17725"}],"version-history":[{"count":1,"href":"https:\/\/foro1025.mx\/index.php?rest_route=\/wp\/v2\/posts\/17725\/revisions"}],"predecessor-version":[{"id":17727,"href":"https:\/\/foro1025.mx\/index.php?rest_route=\/wp\/v2\/posts\/17725\/revisions\/17727"}],"wp:attachment":[{"href":"https:\/\/foro1025.mx\/index.php?rest_route=%2Fwp%2Fv2%2Fmedia&parent=17725"}],"wp:term":[{"taxonomy":"category","embeddable":true,"href":"https:\/\/foro1025.mx\/index.php?rest_route=%2Fwp%2Fv2%2Fcategories&post=17725"},{"taxonomy":"post_tag","embeddable":true,"href":"https:\/\/foro1025.mx\/index.php?rest_route=%2Fwp%2Fv2%2Ftags&post=17725"}],"curies":[{"name":"wp","href":"https:\/\/api.w.org\/{rel}","templated":true}]}}