{"id":17757,"date":"2022-02-10T17:14:11","date_gmt":"2022-02-10T23:14:11","guid":{"rendered":"https:\/\/foro1025.mx\/?p=17757"},"modified":"2022-02-14T17:16:51","modified_gmt":"2022-02-14T23:16:51","slug":"conmemoran-el-107-aniversario-de-la-fuerza-aerea","status":"publish","type":"post","link":"https:\/\/foro1025.mx\/?p=17757","title":{"rendered":"Conmemoran el 107 Aniversario de la Fuerza A\u00e9rea"},"content":{"rendered":"<p class=\"p1\"><em>\u2022Comparten desayuno Gobernador mexiquense y el Presidente de la Rep\u00fablica, as\u00ed como integrantes de las fuerzas armadas y del gabinete federal.<\/em><\/p>\n<p class=\"p1\"><em>\u2022Celebran este aniversario en la Escuela Militar de Tropas Especialistas de la Fuerza A\u00e9rea, en la Base A\u00e9rea de Santa Luc\u00eda, en Tec\u00e1mac.<\/em><\/p>\n<p class=\"p1\">Tec\u00e1mac, Estado de M\u00e9xico.- En el marco de la Conmemoraci\u00f3n del 107 Aniversario del D\u00eda de la Fuerza A\u00e9rea Mexicana, el Gobernador del Estado de M\u00e9xico acompa\u00f1\u00f3 al Presidente de la Rep\u00fablica a un desayuno en el que tambi\u00e9n estuvieron presentes los titulares de los Poderes de la Uni\u00f3n, personal del Ej\u00e9rcito y de la Fuerza A\u00e9rea<\/p>\n<p class=\"p1\">Mexicana.<\/p>\n<p class=\"p1\">Esta celebraci\u00f3n tuvo lugar en las instalaciones de la Escuela Militar de Tropas Especialistas de la Fuerza A\u00e9rea, en la Base A\u00e9rea de Santa Luc\u00eda, donde el mandatario nacional entreg\u00f3 Alas de Pecho y Certificado, a integrantes de esta instituci\u00f3n militar.<\/p>\n<p class=\"p1\">En este evento, el Presidente de M\u00e9xico, junto al Gobernador mexiquense, e integrantes del Gabinete de Seguridad del Gobierno Federal, tambi\u00e9n inaugur\u00f3 el Museo Militar de Aviaci\u00f3n, el Museo Paleontol\u00f3gico de Santa Luc\u00eda Quinam\u00e9tzin, la Direcci\u00f3n de la Escuela Militar de Materiales de Guerra y la Direcci\u00f3n de la Escuela Militar de Tropas Especialista de la Fuerza A\u00e9rea.<\/p>\n","protected":false},"excerpt":{"rendered":"<div class=\"mh-excerpt\"><p>\u2022Comparten desayuno Gobernador mexiquense y el Presidente de la Rep\u00fablica, as\u00ed como integrantes de las <a class=\"mh-excerpt-more\" href=\"https:\/\/foro1025.mx\/?p=17757\" title=\"Conmemoran el 107 Aniversario de la Fuerza A\u00e9rea\">&#8230;<\/a><\/p>\n<\/div>","protected":false},"author":1,"featured_media":0,"comment_status":"closed","ping_status":"closed","sticky":false,"template":"","format":"standard","meta":{"footnotes":""},"categories":[13,18],"tags":[],"class_list":{"0":"post-17757","1":"post","2":"type-post","3":"status-publish","4":"format-standard","6":"category-estado-de-mexico","7":"category-nacional"},"_links":{"self":[{"href":"https:\/\/foro1025.mx\/index.php?rest_route=\/wp\/v2\/posts\/17757","targetHints":{"allow":["GET"]}}],"collection":[{"href":"https:\/\/foro1025.mx\/index.php?rest_route=\/wp\/v2\/posts"}],"about":[{"href":"https:\/\/foro1025.mx\/index.php?rest_route=\/wp\/v2\/types\/post"}],"author":[{"embeddable":true,"href":"https:\/\/foro1025.mx\/index.php?rest_route=\/wp\/v2\/users\/1"}],"replies":[{"embeddable":true,"href":"https:\/\/foro1025.mx\/index.php?rest_route=%2Fwp%2Fv2%2Fcomments&post=17757"}],"version-history":[{"count":1,"href":"https:\/\/foro1025.mx\/index.php?rest_route=\/wp\/v2\/posts\/17757\/revisions"}],"predecessor-version":[{"id":17759,"href":"https:\/\/foro1025.mx\/index.php?rest_route=\/wp\/v2\/posts\/17757\/revisions\/17759"}],"wp:attachment":[{"href":"https:\/\/foro1025.mx\/index.php?rest_route=%2Fwp%2Fv2%2Fmedia&parent=17757"}],"wp:term":[{"taxonomy":"category","embeddable":true,"href":"https:\/\/foro1025.mx\/index.php?rest_route=%2Fwp%2Fv2%2Fcategories&post=17757"},{"taxonomy":"post_tag","embeddable":true,"href":"https:\/\/foro1025.mx\/index.php?rest_route=%2Fwp%2Fv2%2Ftags&post=17757"}],"curies":[{"name":"wp","href":"https:\/\/api.w.org\/{rel}","templated":true}]}}