{"id":17775,"date":"2022-02-08T17:32:11","date_gmt":"2022-02-08T23:32:11","guid":{"rendered":"https:\/\/foro1025.mx\/?p=17775"},"modified":"2022-02-14T17:33:26","modified_gmt":"2022-02-14T23:33:26","slug":"llegan-a-acuerdos-autoridades-de-amanalco-para-integrar-la-estructura-administrativa-municipal","status":"publish","type":"post","link":"https:\/\/foro1025.mx\/?p=17775","title":{"rendered":"Llegan a acuerdos autoridades de Amanalco para integrar la estructura administrativa municipal"},"content":{"rendered":"<p class=\"p3\"><i>\u2022 Firman convenio Movimiento Ciudadano, Morena y Gobierno del Estado de M\u00e9xico, como testigo de honor, para regresar la estabilidad al municipio.<\/i><\/p>\n<p class=\"p3\"><b>Toluca, Estado de M\u00e9xico.- <\/b>La Secretar\u00eda General de Gobierno del Estado de M\u00e9xico informa que las autoridades municipales de Amanalco firmaron un convenio, mediante el cual lograron llegar a acuerdos para poder integrar la estructura administrativa de este municipio.<\/p>\n<p class=\"p3\">\u201cYa se firm\u00f3 un acuerdo pol\u00edtico, donde ya se ponen alineados, qui\u00e9nes van a designar a qu\u00e9 directores de uno y otro lado, y su servidor firm\u00f3 como testigo de honor\u201d, puntualiz\u00f3 el Secretario General de Gobierno.<\/p>\n<p class=\"p3\">\u201cYo creo que con esto ya se zanja la diferencia, la gente de Amanalco es la que menos culpa tiene de las diferencias entre autoridades, me parece que, con la intervenci\u00f3n del Estado, hoy damos un paso adelante, en la paz y en la estabilidad del municipio de Amanalco\u201d, agreg\u00f3.<\/p>\n<p class=\"p3\">La Secretar\u00eda General de Gobierno explic\u00f3 que este problema surgi\u00f3 entre los partidos Movimiento Ciudadano (MC) y MORENA, luego de que la Presidenta municipal cambiara de partido pol\u00edtico.<\/p>\n<p class=\"p3\">Record\u00f3 que la Alcaldesa formaba parte de MC, partido con el que gan\u00f3 la elecci\u00f3n y, posteriormente, cambi\u00f3 a MORENA.<\/p>\n<p class=\"p3\">Se\u00f1al\u00f3 que la falta de acuerdos entre ambos partidos no permiti\u00f3 que se integrara la estructura administrativa del Ayuntamiento, por lo que desde el 2 de enero la Secretar\u00eda General de Gobierno solicit\u00f3 que se instalara una Mesa Pol\u00edtica para llegar a un arreglo.<\/p>\n<p class=\"p3\">\u201cYa se destrab\u00f3, la intervenci\u00f3n la tuvimos nosotros a trav\u00e9s de esta Mesa Pol\u00edtica, que hab\u00edamos instalado desde hace m\u00e1s de un mes. Afortunadamente ya se firm\u00f3 un acuerdo pol\u00edtico y esperemos que ya todo camine correctamente\u201d, afirm\u00f3.<\/p>\n<p class=\"p3\">Actualmente las autoridades municipales analizan a qui\u00e9n podr\u00edan proponer como Director de Seguridad P\u00fablica, y las autoridades estatales deber\u00e1n certificar a quien ocupe ese cargo.<\/p>\n","protected":false},"excerpt":{"rendered":"<div class=\"mh-excerpt\"><p>\u2022 Firman convenio Movimiento Ciudadano, Morena y Gobierno del Estado de M\u00e9xico, como testigo de <a class=\"mh-excerpt-more\" href=\"https:\/\/foro1025.mx\/?p=17775\" title=\"Llegan a acuerdos autoridades de Amanalco para integrar la estructura administrativa municipal\">&#8230;<\/a><\/p>\n<\/div>","protected":false},"author":1,"featured_media":0,"comment_status":"closed","ping_status":"closed","sticky":false,"template":"","format":"standard","meta":{"footnotes":""},"categories":[13],"tags":[],"class_list":{"0":"post-17775","1":"post","2":"type-post","3":"status-publish","4":"format-standard","6":"category-estado-de-mexico"},"_links":{"self":[{"href":"https:\/\/foro1025.mx\/index.php?rest_route=\/wp\/v2\/posts\/17775","targetHints":{"allow":["GET"]}}],"collection":[{"href":"https:\/\/foro1025.mx\/index.php?rest_route=\/wp\/v2\/posts"}],"about":[{"href":"https:\/\/foro1025.mx\/index.php?rest_route=\/wp\/v2\/types\/post"}],"author":[{"embeddable":true,"href":"https:\/\/foro1025.mx\/index.php?rest_route=\/wp\/v2\/users\/1"}],"replies":[{"embeddable":true,"href":"https:\/\/foro1025.mx\/index.php?rest_route=%2Fwp%2Fv2%2Fcomments&post=17775"}],"version-history":[{"count":1,"href":"https:\/\/foro1025.mx\/index.php?rest_route=\/wp\/v2\/posts\/17775\/revisions"}],"predecessor-version":[{"id":17777,"href":"https:\/\/foro1025.mx\/index.php?rest_route=\/wp\/v2\/posts\/17775\/revisions\/17777"}],"wp:attachment":[{"href":"https:\/\/foro1025.mx\/index.php?rest_route=%2Fwp%2Fv2%2Fmedia&parent=17775"}],"wp:term":[{"taxonomy":"category","embeddable":true,"href":"https:\/\/foro1025.mx\/index.php?rest_route=%2Fwp%2Fv2%2Fcategories&post=17775"},{"taxonomy":"post_tag","embeddable":true,"href":"https:\/\/foro1025.mx\/index.php?rest_route=%2Fwp%2Fv2%2Ftags&post=17775"}],"curies":[{"name":"wp","href":"https:\/\/api.w.org\/{rel}","templated":true}]}}