{"id":17790,"date":"2022-02-10T18:18:59","date_gmt":"2022-02-11T00:18:59","guid":{"rendered":"https:\/\/foro1025.mx\/?p=17790"},"modified":"2022-02-14T18:22:39","modified_gmt":"2022-02-15T00:22:39","slug":"listas-preinscripciones-para-jardines-de-ninos-del-dif-naucalpan","status":"publish","type":"post","link":"https:\/\/foro1025.mx\/?p=17790","title":{"rendered":"Listas preinscripciones para jardines de ni\u00f1os del DIF Naucalpan"},"content":{"rendered":"<p class=\"p3\"><em>\u2022 Estar\u00e1n abiertas hasta el 26 de febrero en los 25 jardines de ni\u00f1os del Sistema Municipal DIF.<\/em><\/p>\n<p class=\"p3\"><em>\u2022 Los planteles tendr\u00e1n un aforo del 50% y se aplicar\u00e1n las medidas sanitarias correspondiente para evitar contagios de COVID-19.<\/em><\/p>\n<p class=\"p3\">Hasta el 26 de febrero permanecer\u00e1n abiertas las preinscripciones para ingresar a uno de los 25 jardines de ni\u00f1os del DIF Naucalpan, los cuales prestan servicios de atenci\u00f3n pedag\u00f3gica a peque\u00f1os de 3 a 5 a\u00f1os 11 meses para desarrollar sus habilidades y destrezas que les permitan lograr su autonom\u00eda.<\/p>\n<p class=\"p3\">Los padres y madres interesadas deben acudir a realizar su preinscripci\u00f3n de lunes a viernes de 9:00 a 13:00 horas en el plantel de su elecci\u00f3n, cuya ubicaci\u00f3n se podr\u00e1 consultar en la cuenta oficial de Facebook del Sistema Municipal DIF en el siguiente link: https:\/\/www.facebook.com\/DIFNau\/photos\/pcb.3139606276252265\/3139606216252271\/, inform\u00f3 la Subdirecci\u00f3n de Servicios Educativos de la instituci\u00f3n.<\/p>\n<p class=\"p3\">Los planteles tendr\u00e1n un aforo del 50 por ciento y se aplicar\u00e1n medidas sanitarias para evitar la propagaci\u00f3n del SARS-CoV-2, como limpieza profunda de las instalaciones, uso de cubrebocas por parte de los menores, profesores y personal administrativo; en caso de presentarse un brote, se suspender\u00e1n las actividades en esa aula.<\/p>\n<p class=\"p3\">Con estas acciones el gobierno de Naucalpan encabezado por la alcaldesa Ang\u00e9lica Moya Mar\u00edn demuestra su compromiso de apoyar a la ni\u00f1ez naucalpense con espacios y personal especializado para fortalecer el desarrollo arm\u00f3nico.<\/p>\n","protected":false},"excerpt":{"rendered":"<div class=\"mh-excerpt\"><p>\u2022 Estar\u00e1n abiertas hasta el 26 de febrero en los 25 jardines de ni\u00f1os del <a class=\"mh-excerpt-more\" href=\"https:\/\/foro1025.mx\/?p=17790\" title=\"Listas preinscripciones para jardines de ni\u00f1os del DIF Naucalpan\">&#8230;<\/a><\/p>\n<\/div>","protected":false},"author":1,"featured_media":0,"comment_status":"closed","ping_status":"closed","sticky":false,"template":"","format":"standard","meta":{"footnotes":""},"categories":[8],"tags":[],"class_list":{"0":"post-17790","1":"post","2":"type-post","3":"status-publish","4":"format-standard","6":"category-naucalpan"},"_links":{"self":[{"href":"https:\/\/foro1025.mx\/index.php?rest_route=\/wp\/v2\/posts\/17790","targetHints":{"allow":["GET"]}}],"collection":[{"href":"https:\/\/foro1025.mx\/index.php?rest_route=\/wp\/v2\/posts"}],"about":[{"href":"https:\/\/foro1025.mx\/index.php?rest_route=\/wp\/v2\/types\/post"}],"author":[{"embeddable":true,"href":"https:\/\/foro1025.mx\/index.php?rest_route=\/wp\/v2\/users\/1"}],"replies":[{"embeddable":true,"href":"https:\/\/foro1025.mx\/index.php?rest_route=%2Fwp%2Fv2%2Fcomments&post=17790"}],"version-history":[{"count":1,"href":"https:\/\/foro1025.mx\/index.php?rest_route=\/wp\/v2\/posts\/17790\/revisions"}],"predecessor-version":[{"id":17792,"href":"https:\/\/foro1025.mx\/index.php?rest_route=\/wp\/v2\/posts\/17790\/revisions\/17792"}],"wp:attachment":[{"href":"https:\/\/foro1025.mx\/index.php?rest_route=%2Fwp%2Fv2%2Fmedia&parent=17790"}],"wp:term":[{"taxonomy":"category","embeddable":true,"href":"https:\/\/foro1025.mx\/index.php?rest_route=%2Fwp%2Fv2%2Fcategories&post=17790"},{"taxonomy":"post_tag","embeddable":true,"href":"https:\/\/foro1025.mx\/index.php?rest_route=%2Fwp%2Fv2%2Ftags&post=17790"}],"curies":[{"name":"wp","href":"https:\/\/api.w.org\/{rel}","templated":true}]}}